{"id":99,"date":"2022-12-06T13:28:47","date_gmt":"2022-12-06T12:28:47","guid":{"rendered":"https:\/\/www.iral-gmbh.de\/magazin\/?p=99"},"modified":"2022-12-06T13:30:21","modified_gmt":"2022-12-06T12:30:21","slug":"kfz-versicherungen-heben-praemien-an-gibt-es-noch-faire-und-guenstige-tarife","status":"publish","type":"post","link":"https:\/\/www.iral-gmbh.de\/magazin\/2022\/12\/06\/kfz-versicherungen-heben-praemien-an-gibt-es-noch-faire-und-guenstige-tarife\/","title":{"rendered":"<strong>Kfz-Versicherungen heben Pr\u00e4mien an \u2013 gibt es noch faire und g\u00fcnstige Tarife?<\/strong>"},"content":{"rendered":"\n<p>Durch Unwetterkatastrophen und hohe Inflationsraten haben sich die Schadenkosten der Autoversicherer drastisch erh\u00f6ht. Als Folge m\u00fcssen Millionen Fahrzeugbesitzer mit deutlich teureren Policen rechnen. Viele Autohalter gehen regelm\u00e4\u00dfig im Herbst auf die Suche nach einem preiswerteren Anbieter. Doch in diesem Jahr ist zu erwarten, dass die meisten Kfz-Versicherer ihre Pr\u00e4mien kr\u00e4ftig anheben. Gibt es noch faire und g\u00fcnstige Tarife? Ein Vergleich lohnt sich grunds\u00e4tzlich immer.<\/p>\n\n\n\n<h2 class=\"wp-block-heading\"><strong>Inflation, Klimawandel und moderne Fahrzeugtechnik treiben Kosten in die H\u00f6he<\/strong><\/h2>\n\n\n\n<p>Enorme Preisanstiege im Energiebereich und f\u00fcr Lebensmittel stellen viele Menschen vor eine schwere Zeit. Nun sollen Autofahrer auch noch h\u00f6here Pr\u00e4mien f\u00fcr Haftpflicht, Teil- und Vollkasko zahlen. Allein, um die Inflation aufzufangen, m\u00fcssen die <a href=\"https:\/\/www.iral-gmbh.de\/magazin\/2022\/11\/07\/praemienzuschlag-in-der-autoversicherung-viele-zahlen-drauf\/\">Kfz-Versicherer<\/a> ihre Jahrestarife um mindestens zehn Prozent heraufsetzen. Als Hauptgrund nannte Dennis Wittkamp, Fachkoordinator Schaden-\/Unfallversicherung bei Assekurata, die hochschnellenden Preise f\u00fcr Ersatzteile und Reparaturen. Die weiter steigende Schadenbelastung der Autoversicherer erfordere zum Jahreswechsel eine Tariferh\u00f6hung.<br><br>Neben der Inflation schl\u00e4gt sich auch der technische Fortschritt auf die Kfz-Pr\u00e4mien nieder, denn die Modernisierung innovativer Fahrzeugtechnik treibt die Kosten an. Zudem wirken sich die explodierenden Werkstattpreise auf die Versicherungsbeitr\u00e4ge in der Kasko und Haftpflicht aus. Gewaltige Schadenkosten verbuchten die Sachversicherer f\u00fcr Sch\u00e4den durch Extrem-Wetter-Ereignisse. Laut Aussagen von J\u00f6rg Asmussen, Hauptgesch\u00e4ftsf\u00fchrer des Gesamtverbands der Deutschen Versicherungswirtschaft (GDV) in Berlin, haben sich die Schadensummen nahezu verdoppelt.<\/p>\n\n\n\n<h2 class=\"wp-block-heading\"><strong>Enorme Preisunterschiede f\u00fcr Autoversicherungen \u2013 vergleichen und sparen<\/strong><\/h2>\n\n\n\n<p>H\u00f6chstwahrscheinlich m\u00fcssen Versicherungskunden schon zum Jahresende mit h\u00f6heren Kfz-Pr\u00e4mien f\u00fcr Kasko- und Haftpflichtpolicen rechnen. Allerdings existieren unter den Anbietern immer noch enorme Preisunterschiede. Fast alle Kfz-Versicherer benachteiligen ihre Bestandskunden. Diejenigen, die einer Gesellschaft treu bleiben, m\u00fcssen mehr Geld ausgeben als neue und wechselfreudige Kunden. Es lohnt sich, mindestens einmal j\u00e4hrlich die Bedingungen im Versicherungsvertrag zu \u00fcberpr\u00fcfen und Vergleichsportale zu nutzen, um ein Unternehmen aufzusp\u00fcren, das g\u00fcnstigere Tarife f\u00fcr Haftpflicht und Kasko anbietet. Trotz gegenw\u00e4rtig erfolgter und sicherlich nahender Pr\u00e4mienerh\u00f6hungen, findet sich auch heute noch ein preiswerter und fairer Autoversicherer.<br><br><br><\/p>\n","protected":false},"excerpt":{"rendered":"<p>Durch Unwetterkatastrophen und hohe Inflationsraten haben sich die Schadenkosten der Autoversicherer drastisch erh\u00f6ht. Als Folge m\u00fcssen Millionen Fahrzeugbesitzer mit deutlich teureren Policen rechnen. Viele Autohalter gehen regelm\u00e4\u00dfig im Herbst auf die Suche nach einem preiswerteren Anbieter. Doch in diesem Jahr ist zu erwarten, dass die meisten Kfz-Versicherer ihre Pr\u00e4mien kr\u00e4ftig [&hellip;]<\/p>\n","protected":false},"author":2,"featured_media":0,"comment_status":"open","ping_status":"open","sticky":false,"template":"","format":"standard","meta":{"footnotes":""},"categories":[1],"tags":[],"class_list":["post-99","post","type-post","status-publish","format-standard","hentry","category-allgemein"],"yoast_head":"<!-- This site is optimized with the Yoast SEO plugin v18.5.1 - https:\/\/yoast.com\/wordpress\/plugins\/seo\/ -->\n<title>Inflation, Klimawandel &amp; moderne Fahrzeugtechnik treiben Kosten in die H\u00f6he<\/title>\n<meta name=\"robots\" content=\"index, follow, max-snippet:-1, max-image-preview:large, max-video-preview:-1\" \/>\n<link rel=\"canonical\" href=\"https:\/\/www.iral-gmbh.de\/magazin\/2022\/12\/06\/kfz-versicherungen-heben-praemien-an-gibt-es-noch-faire-und-guenstige-tarife\/\" \/>\n<meta property=\"og:locale\" content=\"de_DE\" \/>\n<meta property=\"og:type\" content=\"article\" \/>\n<meta property=\"og:title\" content=\"Inflation, Klimawandel &amp; moderne Fahrzeugtechnik treiben Kosten in die H\u00f6he\" \/>\n<meta property=\"og:description\" content=\"Durch Unwetterkatastrophen und hohe Inflationsraten haben sich die Schadenkosten der Autoversicherer drastisch erh\u00f6ht. Als Folge m\u00fcssen Millionen Fahrzeugbesitzer mit deutlich teureren Policen rechnen. Viele Autohalter gehen regelm\u00e4\u00dfig im Herbst auf die Suche nach einem preiswerteren Anbieter. Doch in diesem Jahr ist zu erwarten, dass die meisten Kfz-Versicherer ihre Pr\u00e4mien kr\u00e4ftig [&hellip;]\" \/>\n<meta property=\"og:url\" content=\"https:\/\/www.iral-gmbh.de\/magazin\/2022\/12\/06\/kfz-versicherungen-heben-praemien-an-gibt-es-noch-faire-und-guenstige-tarife\/\" \/>\n<meta property=\"og:site_name\" content=\"Magazin\" \/>\n<meta property=\"article:published_time\" content=\"2022-12-06T12:28:47+00:00\" \/>\n<meta property=\"article:modified_time\" content=\"2022-12-06T12:30:21+00:00\" \/>\n<meta name=\"twitter:card\" content=\"summary_large_image\" \/>\n<meta name=\"twitter:label1\" content=\"Verfasst von\" \/>\n\t<meta name=\"twitter:data1\" content=\"Andrej Bensack\" \/>\n\t<meta name=\"twitter:label2\" content=\"Gesch\u00e4tzte Lesezeit\" \/>\n\t<meta name=\"twitter:data2\" content=\"2\u00a0Minuten\" \/>\n<script type=\"application\/ld+json\" class=\"yoast-schema-graph\">{\"@context\":\"https:\/\/schema.org\",\"@graph\":[{\"@type\":\"WebSite\",\"@id\":\"https:\/\/www.iral-gmbh.de\/magazin\/#website\",\"url\":\"https:\/\/www.iral-gmbh.de\/magazin\/\",\"name\":\"Magazin\",\"description\":\"Kostenlose Autoverwertung | Auto Entsorgen | IRAL GmbH\",\"potentialAction\":[{\"@type\":\"SearchAction\",\"target\":{\"@type\":\"EntryPoint\",\"urlTemplate\":\"https:\/\/www.iral-gmbh.de\/magazin\/?s={search_term_string}\"},\"query-input\":\"required name=search_term_string\"}],\"inLanguage\":\"de\"},{\"@type\":\"WebPage\",\"@id\":\"https:\/\/www.iral-gmbh.de\/magazin\/2022\/12\/06\/kfz-versicherungen-heben-praemien-an-gibt-es-noch-faire-und-guenstige-tarife\/#webpage\",\"url\":\"https:\/\/www.iral-gmbh.de\/magazin\/2022\/12\/06\/kfz-versicherungen-heben-praemien-an-gibt-es-noch-faire-und-guenstige-tarife\/\",\"name\":\"Inflation, Klimawandel & moderne Fahrzeugtechnik treiben Kosten in die H\u00f6he\",\"isPartOf\":{\"@id\":\"https:\/\/www.iral-gmbh.de\/magazin\/#website\"},\"datePublished\":\"2022-12-06T12:28:47+00:00\",\"dateModified\":\"2022-12-06T12:30:21+00:00\",\"author\":{\"@id\":\"https:\/\/www.iral-gmbh.de\/magazin\/#\/schema\/person\/34d3bfe0fddb1b67696b48f128a57f3d\"},\"breadcrumb\":{\"@id\":\"https:\/\/www.iral-gmbh.de\/magazin\/2022\/12\/06\/kfz-versicherungen-heben-praemien-an-gibt-es-noch-faire-und-guenstige-tarife\/#breadcrumb\"},\"inLanguage\":\"de\",\"potentialAction\":[{\"@type\":\"ReadAction\",\"target\":[\"https:\/\/www.iral-gmbh.de\/magazin\/2022\/12\/06\/kfz-versicherungen-heben-praemien-an-gibt-es-noch-faire-und-guenstige-tarife\/\"]}]},{\"@type\":\"BreadcrumbList\",\"@id\":\"https:\/\/www.iral-gmbh.de\/magazin\/2022\/12\/06\/kfz-versicherungen-heben-praemien-an-gibt-es-noch-faire-und-guenstige-tarife\/#breadcrumb\",\"itemListElement\":[{\"@type\":\"ListItem\",\"position\":1,\"name\":\"Startseite\",\"item\":\"https:\/\/www.iral-gmbh.de\/magazin\/\"},{\"@type\":\"ListItem\",\"position\":2,\"name\":\"Kfz-Versicherungen heben Pr\u00e4mien an \u2013 gibt es noch faire und g\u00fcnstige Tarife?\"}]},{\"@type\":\"Person\",\"@id\":\"https:\/\/www.iral-gmbh.de\/magazin\/#\/schema\/person\/34d3bfe0fddb1b67696b48f128a57f3d\",\"name\":\"Andrej Bensack\",\"image\":{\"@type\":\"ImageObject\",\"@id\":\"https:\/\/www.iral-gmbh.de\/magazin\/#personlogo\",\"inLanguage\":\"de\",\"url\":\"https:\/\/secure.gravatar.com\/avatar\/f89fc234d866d7f5b7e26038f2295fff38a1a129e3e46048c2505dfc0dfc6fa3?s=96&d=mm&r=g\",\"contentUrl\":\"https:\/\/secure.gravatar.com\/avatar\/f89fc234d866d7f5b7e26038f2295fff38a1a129e3e46048c2505dfc0dfc6fa3?s=96&d=mm&r=g\",\"caption\":\"Andrej Bensack\"},\"url\":\"https:\/\/www.iral-gmbh.de\/magazin\/author\/andrej\/\"}]}<\/script>\n<!-- \/ Yoast SEO plugin. -->","yoast_head_json":{"title":"Inflation, Klimawandel & moderne Fahrzeugtechnik treiben Kosten in die H\u00f6he","robots":{"index":"index","follow":"follow","max-snippet":"max-snippet:-1","max-image-preview":"max-image-preview:large","max-video-preview":"max-video-preview:-1"},"canonical":"https:\/\/www.iral-gmbh.de\/magazin\/2022\/12\/06\/kfz-versicherungen-heben-praemien-an-gibt-es-noch-faire-und-guenstige-tarife\/","og_locale":"de_DE","og_type":"article","og_title":"Inflation, Klimawandel & moderne Fahrzeugtechnik treiben Kosten in die H\u00f6he","og_description":"Durch Unwetterkatastrophen und hohe Inflationsraten haben sich die Schadenkosten der Autoversicherer drastisch erh\u00f6ht. Als Folge m\u00fcssen Millionen Fahrzeugbesitzer mit deutlich teureren Policen rechnen. Viele Autohalter gehen regelm\u00e4\u00dfig im Herbst auf die Suche nach einem preiswerteren Anbieter. Doch in diesem Jahr ist zu erwarten, dass die meisten Kfz-Versicherer ihre Pr\u00e4mien kr\u00e4ftig [&hellip;]","og_url":"https:\/\/www.iral-gmbh.de\/magazin\/2022\/12\/06\/kfz-versicherungen-heben-praemien-an-gibt-es-noch-faire-und-guenstige-tarife\/","og_site_name":"Magazin","article_published_time":"2022-12-06T12:28:47+00:00","article_modified_time":"2022-12-06T12:30:21+00:00","twitter_card":"summary_large_image","twitter_misc":{"Verfasst von":"Andrej Bensack","Gesch\u00e4tzte Lesezeit":"2\u00a0Minuten"},"schema":{"@context":"https:\/\/schema.org","@graph":[{"@type":"WebSite","@id":"https:\/\/www.iral-gmbh.de\/magazin\/#website","url":"https:\/\/www.iral-gmbh.de\/magazin\/","name":"Magazin","description":"Kostenlose Autoverwertung | Auto Entsorgen | IRAL GmbH","potentialAction":[{"@type":"SearchAction","target":{"@type":"EntryPoint","urlTemplate":"https:\/\/www.iral-gmbh.de\/magazin\/?s={search_term_string}"},"query-input":"required name=search_term_string"}],"inLanguage":"de"},{"@type":"WebPage","@id":"https:\/\/www.iral-gmbh.de\/magazin\/2022\/12\/06\/kfz-versicherungen-heben-praemien-an-gibt-es-noch-faire-und-guenstige-tarife\/#webpage","url":"https:\/\/www.iral-gmbh.de\/magazin\/2022\/12\/06\/kfz-versicherungen-heben-praemien-an-gibt-es-noch-faire-und-guenstige-tarife\/","name":"Inflation, Klimawandel & moderne Fahrzeugtechnik treiben Kosten in die H\u00f6he","isPartOf":{"@id":"https:\/\/www.iral-gmbh.de\/magazin\/#website"},"datePublished":"2022-12-06T12:28:47+00:00","dateModified":"2022-12-06T12:30:21+00:00","author":{"@id":"https:\/\/www.iral-gmbh.de\/magazin\/#\/schema\/person\/34d3bfe0fddb1b67696b48f128a57f3d"},"breadcrumb":{"@id":"https:\/\/www.iral-gmbh.de\/magazin\/2022\/12\/06\/kfz-versicherungen-heben-praemien-an-gibt-es-noch-faire-und-guenstige-tarife\/#breadcrumb"},"inLanguage":"de","potentialAction":[{"@type":"ReadAction","target":["https:\/\/www.iral-gmbh.de\/magazin\/2022\/12\/06\/kfz-versicherungen-heben-praemien-an-gibt-es-noch-faire-und-guenstige-tarife\/"]}]},{"@type":"BreadcrumbList","@id":"https:\/\/www.iral-gmbh.de\/magazin\/2022\/12\/06\/kfz-versicherungen-heben-praemien-an-gibt-es-noch-faire-und-guenstige-tarife\/#breadcrumb","itemListElement":[{"@type":"ListItem","position":1,"name":"Startseite","item":"https:\/\/www.iral-gmbh.de\/magazin\/"},{"@type":"ListItem","position":2,"name":"Kfz-Versicherungen heben Pr\u00e4mien an \u2013 gibt es noch faire und g\u00fcnstige Tarife?"}]},{"@type":"Person","@id":"https:\/\/www.iral-gmbh.de\/magazin\/#\/schema\/person\/34d3bfe0fddb1b67696b48f128a57f3d","name":"Andrej Bensack","image":{"@type":"ImageObject","@id":"https:\/\/www.iral-gmbh.de\/magazin\/#personlogo","inLanguage":"de","url":"https:\/\/secure.gravatar.com\/avatar\/f89fc234d866d7f5b7e26038f2295fff38a1a129e3e46048c2505dfc0dfc6fa3?s=96&d=mm&r=g","contentUrl":"https:\/\/secure.gravatar.com\/avatar\/f89fc234d866d7f5b7e26038f2295fff38a1a129e3e46048c2505dfc0dfc6fa3?s=96&d=mm&r=g","caption":"Andrej Bensack"},"url":"https:\/\/www.iral-gmbh.de\/magazin\/author\/andrej\/"}]}},"_links":{"self":[{"href":"https:\/\/www.iral-gmbh.de\/magazin\/wp-json\/wp\/v2\/posts\/99","targetHints":{"allow":["GET"]}}],"collection":[{"href":"https:\/\/www.iral-gmbh.de\/magazin\/wp-json\/wp\/v2\/posts"}],"about":[{"href":"https:\/\/www.iral-gmbh.de\/magazin\/wp-json\/wp\/v2\/types\/post"}],"author":[{"embeddable":true,"href":"https:\/\/www.iral-gmbh.de\/magazin\/wp-json\/wp\/v2\/users\/2"}],"replies":[{"embeddable":true,"href":"https:\/\/www.iral-gmbh.de\/magazin\/wp-json\/wp\/v2\/comments?post=99"}],"version-history":[{"count":2,"href":"https:\/\/www.iral-gmbh.de\/magazin\/wp-json\/wp\/v2\/posts\/99\/revisions"}],"predecessor-version":[{"id":101,"href":"https:\/\/www.iral-gmbh.de\/magazin\/wp-json\/wp\/v2\/posts\/99\/revisions\/101"}],"wp:attachment":[{"href":"https:\/\/www.iral-gmbh.de\/magazin\/wp-json\/wp\/v2\/media?parent=99"}],"wp:term":[{"taxonomy":"category","embeddable":true,"href":"https:\/\/www.iral-gmbh.de\/magazin\/wp-json\/wp\/v2\/categories?post=99"},{"taxonomy":"post_tag","embeddable":true,"href":"https:\/\/www.iral-gmbh.de\/magazin\/wp-json\/wp\/v2\/tags?post=99"}],"curies":[{"name":"wp","href":"https:\/\/api.w.org\/{rel}","templated":true}]}}