{"id":79,"date":"2022-08-22T14:07:36","date_gmt":"2022-08-22T12:07:36","guid":{"rendered":"https:\/\/www.iral-gmbh.de\/magazin\/?p=79"},"modified":"2022-08-22T14:07:37","modified_gmt":"2022-08-22T12:07:37","slug":"erdueberlastung-macht-weitere-transformationen-in-der-wirtschaft-noetig","status":"publish","type":"post","link":"https:\/\/www.iral-gmbh.de\/magazin\/2022\/08\/22\/erdueberlastung-macht-weitere-transformationen-in-der-wirtschaft-noetig\/","title":{"rendered":"Erd\u00fcberlastung macht weitere Transformationen in der Wirtschaft n\u00f6tig"},"content":{"rendered":"\n<p>Im Zuge des Erd\u00fcberlastungstages, der in diesem Jahr auf den 28. Juli 2022 datiert ist, zeigte der BDE die neuesten Entwicklungen der Kreislaufwirtschaft auf und positionierte sich ganz klar f\u00fcr weitere Transformationen. Gem\u00e4\u00df der Ansicht des Verbandes m\u00fcsse weiterhin eine konsequente Circular Economy Transformation angestrebt werden, da nur diese eine weitreichende CO2-Reduzierung nach sich ziehen w\u00fcrde.<\/p>\n\n\n\n<h2 class=\"wp-block-heading\"><strong>Erd\u00fcberlastungstag immer fr\u00fcher<\/strong><\/h2>\n\n\n\n<p>Der Erd\u00fcberlastungstag bezeichnet das Datum, an dem s\u00e4mtliche nachwachsenden Ressourcen per anno aufgebraucht sind. Und dies ist im Jahr 2022 sogar noch einen Tag fr\u00fcher als im Vorjahr. Zur Berechnung werden zwei unterschiedliche Gr\u00f6\u00dfen hinzugezogen, wobei es sich dabei einerseits um den Bedarf an Wasserreservoirs, W\u00e4lder und Felder handelt, andererseits aber auch die biologischen M\u00f6glichkeiten wie Emissionen und Aufnahme von Abfall mit einflie\u00dfen.<\/p>\n\n\n\n<h2 class=\"wp-block-heading\"><strong>\u00d6kosystemen die n\u00f6tige Zeit geben, um verbrauchte Ressourcen zu erneuern<\/strong><\/h2>\n\n\n\n<p>Unsere \u00d6kosysteme ben\u00f6tigen rund ein Jahr, um verbrauchte Ressourcen zu erneuern. Laut BDE-Pr\u00e4sident Kurth greifen die Effekte der momentanen Kreislaufwirtschaft zwar schon ein bisschen, da der Erd\u00fcberlastungstag in diesem Jahr aber trotzallem noch fr\u00fcher als im Vorjahr erreicht wurde, bestehe weiterhin Handlungsbedarf. So k\u00f6nnen eine Verdoppelung der Substitutionsquote in der Wirtschaft rund 60 Millionen Tonnen CO2 zus\u00e4tzlich einsparen. Hierf\u00fcr m\u00fcssten jedoch die Rahmenbedingungen angepasst werden \u2013 eine Aufgabe f\u00fcr die Regierungen in Berlin und Br\u00fcssel.<\/p>\n\n\n\n<h3 class=\"wp-block-heading\"><strong>Unternehmen aller Wirtschaftszweige sind bereit f\u00fcr die Kreislaufwirtschaft<\/strong><\/h3>\n\n\n\n<p>Laut Expertenmeinung seien Unternehmen aller Wirtschaftszweige durchaus bereit, die Entwicklung der Kreislaufwirtschaft durch Investitionen und modernste Technik weiter auszubauen. Denn nur dann lie\u00dfen sich nat\u00fcrliche Ressourcen schonen, die CO2-Emissionen reduzieren und Energien einsparen. Doch das koste nat\u00fcrlich und mache auch eine ausgefeilte Digitalisierung n\u00f6tig. Somit sind vor allem die Akteure in Wirtschaft, Politik und Gesellschaft gefragt, damit die Weichen voll und ganz auf Klimaschutz gesetzt werden k\u00f6nnen.<\/p>\n\n\n\n<p>Wie der BDE Pr\u00e4sident anf\u00fchrt, sei es deutlich zu wenig, lediglich die immer fr\u00fcher datierten Erd\u00fcberlastungstage und die daraus resultieren m\u00f6glichen Katastrophen zu betonen. Alle m\u00fcssten ihren Beitrag dazu leisten, damit die Kreislaufwirtschaft optimal funktioniere.<\/p>\n","protected":false},"excerpt":{"rendered":"<p>Im Zuge des Erd\u00fcberlastungstages, der in diesem Jahr auf den 28. Juli 2022 datiert ist, zeigte der BDE die neuesten Entwicklungen der Kreislaufwirtschaft auf und positionierte sich ganz klar f\u00fcr weitere Transformationen. Gem\u00e4\u00df der Ansicht des Verbandes m\u00fcsse weiterhin eine konsequente Circular Economy Transformation angestrebt werden, da nur diese eine [&hellip;]<\/p>\n","protected":false},"author":2,"featured_media":80,"comment_status":"open","ping_status":"open","sticky":false,"template":"","format":"standard","meta":{"footnotes":""},"categories":[8],"tags":[],"class_list":["post-79","post","type-post","status-publish","format-standard","has-post-thumbnail","hentry","category-umwelt"],"yoast_head":"<!-- This site is optimized with the Yoast SEO plugin v18.5.1 - https:\/\/yoast.com\/wordpress\/plugins\/seo\/ -->\n<title>Erd\u00fcberlastung macht weitere Transformationen in der Wirtschaft n\u00f6tig<\/title>\n<meta name=\"robots\" content=\"index, follow, max-snippet:-1, max-image-preview:large, max-video-preview:-1\" \/>\n<link rel=\"canonical\" href=\"https:\/\/www.iral-gmbh.de\/magazin\/2022\/08\/22\/erdueberlastung-macht-weitere-transformationen-in-der-wirtschaft-noetig\/\" \/>\n<meta property=\"og:locale\" content=\"de_DE\" \/>\n<meta property=\"og:type\" content=\"article\" \/>\n<meta property=\"og:title\" content=\"Erd\u00fcberlastung macht weitere Transformationen in der Wirtschaft n\u00f6tig\" \/>\n<meta property=\"og:description\" content=\"Im Zuge des Erd\u00fcberlastungstages, der in diesem Jahr auf den 28. Juli 2022 datiert ist, zeigte der BDE die neuesten Entwicklungen der Kreislaufwirtschaft auf und positionierte sich ganz klar f\u00fcr weitere Transformationen. Gem\u00e4\u00df der Ansicht des Verbandes m\u00fcsse weiterhin eine konsequente Circular Economy Transformation angestrebt werden, da nur diese eine [&hellip;]\" \/>\n<meta property=\"og:url\" content=\"https:\/\/www.iral-gmbh.de\/magazin\/2022\/08\/22\/erdueberlastung-macht-weitere-transformationen-in-der-wirtschaft-noetig\/\" \/>\n<meta property=\"og:site_name\" content=\"Magazin\" \/>\n<meta property=\"article:published_time\" content=\"2022-08-22T12:07:36+00:00\" \/>\n<meta property=\"article:modified_time\" content=\"2022-08-22T12:07:37+00:00\" \/>\n<meta property=\"og:image\" content=\"https:\/\/www.iral-gmbh.de\/magazin\/wp-content\/uploads\/2022\/08\/20200630_2934_A7D08125_sw-scaled.jpg\" \/>\n\t<meta property=\"og:image:width\" content=\"2560\" \/>\n\t<meta property=\"og:image:height\" content=\"1707\" \/>\n\t<meta property=\"og:image:type\" content=\"image\/jpeg\" \/>\n<meta name=\"twitter:card\" content=\"summary_large_image\" \/>\n<meta name=\"twitter:label1\" content=\"Verfasst von\" \/>\n\t<meta name=\"twitter:data1\" content=\"Andrej Bensack\" \/>\n\t<meta name=\"twitter:label2\" content=\"Gesch\u00e4tzte Lesezeit\" \/>\n\t<meta name=\"twitter:data2\" content=\"2\u00a0Minuten\" \/>\n<script type=\"application\/ld+json\" class=\"yoast-schema-graph\">{\"@context\":\"https:\/\/schema.org\",\"@graph\":[{\"@type\":\"WebSite\",\"@id\":\"https:\/\/www.iral-gmbh.de\/magazin\/#website\",\"url\":\"https:\/\/www.iral-gmbh.de\/magazin\/\",\"name\":\"Magazin\",\"description\":\"Kostenlose Autoverwertung | Auto Entsorgen | IRAL GmbH\",\"potentialAction\":[{\"@type\":\"SearchAction\",\"target\":{\"@type\":\"EntryPoint\",\"urlTemplate\":\"https:\/\/www.iral-gmbh.de\/magazin\/?s={search_term_string}\"},\"query-input\":\"required name=search_term_string\"}],\"inLanguage\":\"de\"},{\"@type\":\"ImageObject\",\"@id\":\"https:\/\/www.iral-gmbh.de\/magazin\/2022\/08\/22\/erdueberlastung-macht-weitere-transformationen-in-der-wirtschaft-noetig\/#primaryimage\",\"inLanguage\":\"de\",\"url\":\"https:\/\/www.iral-gmbh.de\/magazin\/wp-content\/uploads\/2022\/08\/20200630_2934_A7D08125_sw-scaled.jpg\",\"contentUrl\":\"https:\/\/www.iral-gmbh.de\/magazin\/wp-content\/uploads\/2022\/08\/20200630_2934_A7D08125_sw-scaled.jpg\",\"width\":2560,\"height\":1707},{\"@type\":\"WebPage\",\"@id\":\"https:\/\/www.iral-gmbh.de\/magazin\/2022\/08\/22\/erdueberlastung-macht-weitere-transformationen-in-der-wirtschaft-noetig\/#webpage\",\"url\":\"https:\/\/www.iral-gmbh.de\/magazin\/2022\/08\/22\/erdueberlastung-macht-weitere-transformationen-in-der-wirtschaft-noetig\/\",\"name\":\"Erd\u00fcberlastung macht weitere Transformationen in der Wirtschaft n\u00f6tig\",\"isPartOf\":{\"@id\":\"https:\/\/www.iral-gmbh.de\/magazin\/#website\"},\"primaryImageOfPage\":{\"@id\":\"https:\/\/www.iral-gmbh.de\/magazin\/2022\/08\/22\/erdueberlastung-macht-weitere-transformationen-in-der-wirtschaft-noetig\/#primaryimage\"},\"datePublished\":\"2022-08-22T12:07:36+00:00\",\"dateModified\":\"2022-08-22T12:07:37+00:00\",\"author\":{\"@id\":\"https:\/\/www.iral-gmbh.de\/magazin\/#\/schema\/person\/34d3bfe0fddb1b67696b48f128a57f3d\"},\"breadcrumb\":{\"@id\":\"https:\/\/www.iral-gmbh.de\/magazin\/2022\/08\/22\/erdueberlastung-macht-weitere-transformationen-in-der-wirtschaft-noetig\/#breadcrumb\"},\"inLanguage\":\"de\",\"potentialAction\":[{\"@type\":\"ReadAction\",\"target\":[\"https:\/\/www.iral-gmbh.de\/magazin\/2022\/08\/22\/erdueberlastung-macht-weitere-transformationen-in-der-wirtschaft-noetig\/\"]}]},{\"@type\":\"BreadcrumbList\",\"@id\":\"https:\/\/www.iral-gmbh.de\/magazin\/2022\/08\/22\/erdueberlastung-macht-weitere-transformationen-in-der-wirtschaft-noetig\/#breadcrumb\",\"itemListElement\":[{\"@type\":\"ListItem\",\"position\":1,\"name\":\"Startseite\",\"item\":\"https:\/\/www.iral-gmbh.de\/magazin\/\"},{\"@type\":\"ListItem\",\"position\":2,\"name\":\"Erd\u00fcberlastung macht weitere Transformationen in der Wirtschaft n\u00f6tig\"}]},{\"@type\":\"Person\",\"@id\":\"https:\/\/www.iral-gmbh.de\/magazin\/#\/schema\/person\/34d3bfe0fddb1b67696b48f128a57f3d\",\"name\":\"Andrej Bensack\",\"image\":{\"@type\":\"ImageObject\",\"@id\":\"https:\/\/www.iral-gmbh.de\/magazin\/#personlogo\",\"inLanguage\":\"de\",\"url\":\"https:\/\/secure.gravatar.com\/avatar\/f89fc234d866d7f5b7e26038f2295fff38a1a129e3e46048c2505dfc0dfc6fa3?s=96&d=mm&r=g\",\"contentUrl\":\"https:\/\/secure.gravatar.com\/avatar\/f89fc234d866d7f5b7e26038f2295fff38a1a129e3e46048c2505dfc0dfc6fa3?s=96&d=mm&r=g\",\"caption\":\"Andrej Bensack\"},\"url\":\"https:\/\/www.iral-gmbh.de\/magazin\/author\/andrej\/\"}]}<\/script>\n<!-- \/ Yoast SEO plugin. -->","yoast_head_json":{"title":"Erd\u00fcberlastung macht weitere Transformationen in der Wirtschaft n\u00f6tig","robots":{"index":"index","follow":"follow","max-snippet":"max-snippet:-1","max-image-preview":"max-image-preview:large","max-video-preview":"max-video-preview:-1"},"canonical":"https:\/\/www.iral-gmbh.de\/magazin\/2022\/08\/22\/erdueberlastung-macht-weitere-transformationen-in-der-wirtschaft-noetig\/","og_locale":"de_DE","og_type":"article","og_title":"Erd\u00fcberlastung macht weitere Transformationen in der Wirtschaft n\u00f6tig","og_description":"Im Zuge des Erd\u00fcberlastungstages, der in diesem Jahr auf den 28. Juli 2022 datiert ist, zeigte der BDE die neuesten Entwicklungen der Kreislaufwirtschaft auf und positionierte sich ganz klar f\u00fcr weitere Transformationen. Gem\u00e4\u00df der Ansicht des Verbandes m\u00fcsse weiterhin eine konsequente Circular Economy Transformation angestrebt werden, da nur diese eine [&hellip;]","og_url":"https:\/\/www.iral-gmbh.de\/magazin\/2022\/08\/22\/erdueberlastung-macht-weitere-transformationen-in-der-wirtschaft-noetig\/","og_site_name":"Magazin","article_published_time":"2022-08-22T12:07:36+00:00","article_modified_time":"2022-08-22T12:07:37+00:00","og_image":[{"width":2560,"height":1707,"url":"https:\/\/www.iral-gmbh.de\/magazin\/wp-content\/uploads\/2022\/08\/20200630_2934_A7D08125_sw-scaled.jpg","type":"image\/jpeg"}],"twitter_card":"summary_large_image","twitter_misc":{"Verfasst von":"Andrej Bensack","Gesch\u00e4tzte Lesezeit":"2\u00a0Minuten"},"schema":{"@context":"https:\/\/schema.org","@graph":[{"@type":"WebSite","@id":"https:\/\/www.iral-gmbh.de\/magazin\/#website","url":"https:\/\/www.iral-gmbh.de\/magazin\/","name":"Magazin","description":"Kostenlose Autoverwertung | Auto Entsorgen | IRAL GmbH","potentialAction":[{"@type":"SearchAction","target":{"@type":"EntryPoint","urlTemplate":"https:\/\/www.iral-gmbh.de\/magazin\/?s={search_term_string}"},"query-input":"required name=search_term_string"}],"inLanguage":"de"},{"@type":"ImageObject","@id":"https:\/\/www.iral-gmbh.de\/magazin\/2022\/08\/22\/erdueberlastung-macht-weitere-transformationen-in-der-wirtschaft-noetig\/#primaryimage","inLanguage":"de","url":"https:\/\/www.iral-gmbh.de\/magazin\/wp-content\/uploads\/2022\/08\/20200630_2934_A7D08125_sw-scaled.jpg","contentUrl":"https:\/\/www.iral-gmbh.de\/magazin\/wp-content\/uploads\/2022\/08\/20200630_2934_A7D08125_sw-scaled.jpg","width":2560,"height":1707},{"@type":"WebPage","@id":"https:\/\/www.iral-gmbh.de\/magazin\/2022\/08\/22\/erdueberlastung-macht-weitere-transformationen-in-der-wirtschaft-noetig\/#webpage","url":"https:\/\/www.iral-gmbh.de\/magazin\/2022\/08\/22\/erdueberlastung-macht-weitere-transformationen-in-der-wirtschaft-noetig\/","name":"Erd\u00fcberlastung macht weitere Transformationen in der Wirtschaft n\u00f6tig","isPartOf":{"@id":"https:\/\/www.iral-gmbh.de\/magazin\/#website"},"primaryImageOfPage":{"@id":"https:\/\/www.iral-gmbh.de\/magazin\/2022\/08\/22\/erdueberlastung-macht-weitere-transformationen-in-der-wirtschaft-noetig\/#primaryimage"},"datePublished":"2022-08-22T12:07:36+00:00","dateModified":"2022-08-22T12:07:37+00:00","author":{"@id":"https:\/\/www.iral-gmbh.de\/magazin\/#\/schema\/person\/34d3bfe0fddb1b67696b48f128a57f3d"},"breadcrumb":{"@id":"https:\/\/www.iral-gmbh.de\/magazin\/2022\/08\/22\/erdueberlastung-macht-weitere-transformationen-in-der-wirtschaft-noetig\/#breadcrumb"},"inLanguage":"de","potentialAction":[{"@type":"ReadAction","target":["https:\/\/www.iral-gmbh.de\/magazin\/2022\/08\/22\/erdueberlastung-macht-weitere-transformationen-in-der-wirtschaft-noetig\/"]}]},{"@type":"BreadcrumbList","@id":"https:\/\/www.iral-gmbh.de\/magazin\/2022\/08\/22\/erdueberlastung-macht-weitere-transformationen-in-der-wirtschaft-noetig\/#breadcrumb","itemListElement":[{"@type":"ListItem","position":1,"name":"Startseite","item":"https:\/\/www.iral-gmbh.de\/magazin\/"},{"@type":"ListItem","position":2,"name":"Erd\u00fcberlastung macht weitere Transformationen in der Wirtschaft n\u00f6tig"}]},{"@type":"Person","@id":"https:\/\/www.iral-gmbh.de\/magazin\/#\/schema\/person\/34d3bfe0fddb1b67696b48f128a57f3d","name":"Andrej Bensack","image":{"@type":"ImageObject","@id":"https:\/\/www.iral-gmbh.de\/magazin\/#personlogo","inLanguage":"de","url":"https:\/\/secure.gravatar.com\/avatar\/f89fc234d866d7f5b7e26038f2295fff38a1a129e3e46048c2505dfc0dfc6fa3?s=96&d=mm&r=g","contentUrl":"https:\/\/secure.gravatar.com\/avatar\/f89fc234d866d7f5b7e26038f2295fff38a1a129e3e46048c2505dfc0dfc6fa3?s=96&d=mm&r=g","caption":"Andrej Bensack"},"url":"https:\/\/www.iral-gmbh.de\/magazin\/author\/andrej\/"}]}},"_links":{"self":[{"href":"https:\/\/www.iral-gmbh.de\/magazin\/wp-json\/wp\/v2\/posts\/79","targetHints":{"allow":["GET"]}}],"collection":[{"href":"https:\/\/www.iral-gmbh.de\/magazin\/wp-json\/wp\/v2\/posts"}],"about":[{"href":"https:\/\/www.iral-gmbh.de\/magazin\/wp-json\/wp\/v2\/types\/post"}],"author":[{"embeddable":true,"href":"https:\/\/www.iral-gmbh.de\/magazin\/wp-json\/wp\/v2\/users\/2"}],"replies":[{"embeddable":true,"href":"https:\/\/www.iral-gmbh.de\/magazin\/wp-json\/wp\/v2\/comments?post=79"}],"version-history":[{"count":1,"href":"https:\/\/www.iral-gmbh.de\/magazin\/wp-json\/wp\/v2\/posts\/79\/revisions"}],"predecessor-version":[{"id":81,"href":"https:\/\/www.iral-gmbh.de\/magazin\/wp-json\/wp\/v2\/posts\/79\/revisions\/81"}],"wp:featuredmedia":[{"embeddable":true,"href":"https:\/\/www.iral-gmbh.de\/magazin\/wp-json\/wp\/v2\/media\/80"}],"wp:attachment":[{"href":"https:\/\/www.iral-gmbh.de\/magazin\/wp-json\/wp\/v2\/media?parent=79"}],"wp:term":[{"taxonomy":"category","embeddable":true,"href":"https:\/\/www.iral-gmbh.de\/magazin\/wp-json\/wp\/v2\/categories?post=79"},{"taxonomy":"post_tag","embeddable":true,"href":"https:\/\/www.iral-gmbh.de\/magazin\/wp-json\/wp\/v2\/tags?post=79"}],"curies":[{"name":"wp","href":"https:\/\/api.w.org\/{rel}","templated":true}]}}