{"id":68,"date":"2022-06-20T11:39:22","date_gmt":"2022-06-20T09:39:22","guid":{"rendered":"https:\/\/www.iral-gmbh.de\/magazin\/?p=68"},"modified":"2022-06-20T11:39:24","modified_gmt":"2022-06-20T09:39:24","slug":"extrem-angeschlagen-die-norddeutsche-metall-und-elektroindustrie-kaempft-um-ihr-ueberleben","status":"publish","type":"post","link":"https:\/\/www.iral-gmbh.de\/magazin\/2022\/06\/20\/extrem-angeschlagen-die-norddeutsche-metall-und-elektroindustrie-kaempft-um-ihr-ueberleben\/","title":{"rendered":"Extrem angeschlagen \u2013 die norddeutsche Metall- und Elektroindustrie k\u00e4mpft um ihr \u00dcberleben"},"content":{"rendered":"\n<p>Erst die Corona-Krise, dann der Ukraine Krieg \u2013 die norddeutsche Metall- und Elektroindustrie befindet sich in einer Krise und Experten sind sich sicher, dass so manch ein Unternehmen seinen Betrieb \u00fcber kurz oder lang wird aufgeben m\u00fcssen. Schon jetzt geben \u00fcber 20 Prozent der Firmen an, dass die Gesch\u00e4ftslage unbefriedigend bzw. schlecht ist. Als Ursache nennt man die sprunghaft gestiegenen Kosten f\u00fcr Material und Energie, aber auch den Fachkr\u00e4ftemangel, der seit Beginn der Pandemie fast alle Branchen tangiert. Nordmetall Vizepr\u00e4sident Robert Focke ist in Sorge um die Zukunft eines ganzen Wirtschaftszweiges.<\/p>\n\n\n\n<p>Einer Umfrage zufolge haben \u00fcber 30 Prozent der norddeutschen Unternehmen ihre Produktion in den letzten zwei Jahren drastisch einschr\u00e4nken m\u00fcssen. Hohe Krankenst\u00e4nde durch das Virus und auch Kurzarbeit haben ihre Spuren hinterlassen und zahlreiche Betriebe in die roten Zahlen gef\u00fchrt. Zwar planen viele, das Personal jetzt wieder aufzustocken, ob sich die Krise damit jedoch so schnell beheben l\u00e4sst, ist fraglich. Schlie\u00dflich verursacht auch der Ukraine-Krieg Probleme in der deutsche Wirtschaft und der \u201eFachkr\u00e4fte- und Azubi-Mangel versch\u00e4rft sich zum Notstand\u201c, so der Vizepr\u00e4sident von Nordmetall.<\/p>\n\n\n\n<h2 class=\"wp-block-heading\"><strong>Volle Auftragsb\u00fccher \u2013 leere Arbeitspl\u00e4tze<\/strong><\/h2>\n\n\n\n<p>An Auftr\u00e4gen mangele es nicht, argumentiert Focke. Die 240 Mitgliedsunternehmen des Verbandszusammenschlusses haben in der Regel volle Auftragsb\u00fccher, k\u00f6nnen derzeit allerdings nicht mit voller Auslastung produzieren. Wie die Umfrage von April und Mai ergab, sind die Betriebe au\u00dferdem in gro\u00dfer Sorge um die anstehenden Preiserh\u00f6hungen bedingt durch den Ukraine-Krieg. Viele der insgesamt 123.000 Befragten haben Angst um ihren Arbeitsplatz, da heute noch niemand sagen kann, wie stark sich Corona-Krise und Ukraine Krieg letztendlich auf die Metall- und Elektroindustrie auswirken wird.<\/p>\n","protected":false},"excerpt":{"rendered":"<p>Erst die Corona-Krise, dann der Ukraine Krieg \u2013 die norddeutsche Metall- und Elektroindustrie befindet sich in einer Krise und Experten sind sich sicher, dass so manch ein Unternehmen seinen Betrieb \u00fcber kurz oder lang wird aufgeben m\u00fcssen. Schon jetzt geben \u00fcber 20 Prozent der Firmen an, dass die Gesch\u00e4ftslage unbefriedigend [&hellip;]<\/p>\n","protected":false},"author":2,"featured_media":69,"comment_status":"open","ping_status":"open","sticky":false,"template":"","format":"standard","meta":{"footnotes":""},"categories":[3],"tags":[],"class_list":["post-68","post","type-post","status-publish","format-standard","has-post-thumbnail","hentry","category-news"],"yoast_head":"<!-- This site is optimized with the Yoast SEO plugin v18.5.1 - https:\/\/yoast.com\/wordpress\/plugins\/seo\/ -->\n<title>Die norddeutsche Metall- und Elektroindustrie k\u00e4mpft um ihr \u00dcberleben<\/title>\n<meta name=\"robots\" content=\"index, follow, max-snippet:-1, max-image-preview:large, max-video-preview:-1\" \/>\n<link rel=\"canonical\" href=\"https:\/\/www.iral-gmbh.de\/magazin\/2022\/06\/20\/extrem-angeschlagen-die-norddeutsche-metall-und-elektroindustrie-kaempft-um-ihr-ueberleben\/\" \/>\n<meta property=\"og:locale\" content=\"de_DE\" \/>\n<meta property=\"og:type\" content=\"article\" \/>\n<meta property=\"og:title\" content=\"Die norddeutsche Metall- und Elektroindustrie k\u00e4mpft um ihr \u00dcberleben\" \/>\n<meta property=\"og:description\" content=\"Erst die Corona-Krise, dann der Ukraine Krieg \u2013 die norddeutsche Metall- und Elektroindustrie befindet sich in einer Krise und Experten sind sich sicher, dass so manch ein Unternehmen seinen Betrieb \u00fcber kurz oder lang wird aufgeben m\u00fcssen. Schon jetzt geben \u00fcber 20 Prozent der Firmen an, dass die Gesch\u00e4ftslage unbefriedigend [&hellip;]\" \/>\n<meta property=\"og:url\" content=\"https:\/\/www.iral-gmbh.de\/magazin\/2022\/06\/20\/extrem-angeschlagen-die-norddeutsche-metall-und-elektroindustrie-kaempft-um-ihr-ueberleben\/\" \/>\n<meta property=\"og:site_name\" content=\"Magazin\" \/>\n<meta property=\"article:published_time\" content=\"2022-06-20T09:39:22+00:00\" \/>\n<meta property=\"article:modified_time\" content=\"2022-06-20T09:39:24+00:00\" \/>\n<meta property=\"og:image\" content=\"https:\/\/www.iral-gmbh.de\/magazin\/wp-content\/uploads\/2022\/06\/20200630_3729_A7D08920-scaled.jpg\" \/>\n\t<meta property=\"og:image:width\" content=\"2560\" \/>\n\t<meta property=\"og:image:height\" content=\"1707\" \/>\n\t<meta property=\"og:image:type\" content=\"image\/jpeg\" \/>\n<meta name=\"twitter:card\" content=\"summary_large_image\" \/>\n<meta name=\"twitter:label1\" content=\"Verfasst von\" \/>\n\t<meta name=\"twitter:data1\" content=\"Andrej Bensack\" \/>\n\t<meta name=\"twitter:label2\" content=\"Gesch\u00e4tzte Lesezeit\" \/>\n\t<meta name=\"twitter:data2\" content=\"2\u00a0Minuten\" \/>\n<script type=\"application\/ld+json\" class=\"yoast-schema-graph\">{\"@context\":\"https:\/\/schema.org\",\"@graph\":[{\"@type\":\"WebSite\",\"@id\":\"https:\/\/www.iral-gmbh.de\/magazin\/#website\",\"url\":\"https:\/\/www.iral-gmbh.de\/magazin\/\",\"name\":\"Magazin\",\"description\":\"Kostenlose Autoverwertung | Auto Entsorgen | IRAL GmbH\",\"potentialAction\":[{\"@type\":\"SearchAction\",\"target\":{\"@type\":\"EntryPoint\",\"urlTemplate\":\"https:\/\/www.iral-gmbh.de\/magazin\/?s={search_term_string}\"},\"query-input\":\"required name=search_term_string\"}],\"inLanguage\":\"de\"},{\"@type\":\"ImageObject\",\"@id\":\"https:\/\/www.iral-gmbh.de\/magazin\/2022\/06\/20\/extrem-angeschlagen-die-norddeutsche-metall-und-elektroindustrie-kaempft-um-ihr-ueberleben\/#primaryimage\",\"inLanguage\":\"de\",\"url\":\"https:\/\/www.iral-gmbh.de\/magazin\/wp-content\/uploads\/2022\/06\/20200630_3729_A7D08920-scaled.jpg\",\"contentUrl\":\"https:\/\/www.iral-gmbh.de\/magazin\/wp-content\/uploads\/2022\/06\/20200630_3729_A7D08920-scaled.jpg\",\"width\":2560,\"height\":1707},{\"@type\":\"WebPage\",\"@id\":\"https:\/\/www.iral-gmbh.de\/magazin\/2022\/06\/20\/extrem-angeschlagen-die-norddeutsche-metall-und-elektroindustrie-kaempft-um-ihr-ueberleben\/#webpage\",\"url\":\"https:\/\/www.iral-gmbh.de\/magazin\/2022\/06\/20\/extrem-angeschlagen-die-norddeutsche-metall-und-elektroindustrie-kaempft-um-ihr-ueberleben\/\",\"name\":\"Die norddeutsche Metall- und Elektroindustrie k\u00e4mpft um ihr \u00dcberleben\",\"isPartOf\":{\"@id\":\"https:\/\/www.iral-gmbh.de\/magazin\/#website\"},\"primaryImageOfPage\":{\"@id\":\"https:\/\/www.iral-gmbh.de\/magazin\/2022\/06\/20\/extrem-angeschlagen-die-norddeutsche-metall-und-elektroindustrie-kaempft-um-ihr-ueberleben\/#primaryimage\"},\"datePublished\":\"2022-06-20T09:39:22+00:00\",\"dateModified\":\"2022-06-20T09:39:24+00:00\",\"author\":{\"@id\":\"https:\/\/www.iral-gmbh.de\/magazin\/#\/schema\/person\/34d3bfe0fddb1b67696b48f128a57f3d\"},\"breadcrumb\":{\"@id\":\"https:\/\/www.iral-gmbh.de\/magazin\/2022\/06\/20\/extrem-angeschlagen-die-norddeutsche-metall-und-elektroindustrie-kaempft-um-ihr-ueberleben\/#breadcrumb\"},\"inLanguage\":\"de\",\"potentialAction\":[{\"@type\":\"ReadAction\",\"target\":[\"https:\/\/www.iral-gmbh.de\/magazin\/2022\/06\/20\/extrem-angeschlagen-die-norddeutsche-metall-und-elektroindustrie-kaempft-um-ihr-ueberleben\/\"]}]},{\"@type\":\"BreadcrumbList\",\"@id\":\"https:\/\/www.iral-gmbh.de\/magazin\/2022\/06\/20\/extrem-angeschlagen-die-norddeutsche-metall-und-elektroindustrie-kaempft-um-ihr-ueberleben\/#breadcrumb\",\"itemListElement\":[{\"@type\":\"ListItem\",\"position\":1,\"name\":\"Startseite\",\"item\":\"https:\/\/www.iral-gmbh.de\/magazin\/\"},{\"@type\":\"ListItem\",\"position\":2,\"name\":\"Extrem angeschlagen \u2013 die norddeutsche Metall- und Elektroindustrie k\u00e4mpft um ihr \u00dcberleben\"}]},{\"@type\":\"Person\",\"@id\":\"https:\/\/www.iral-gmbh.de\/magazin\/#\/schema\/person\/34d3bfe0fddb1b67696b48f128a57f3d\",\"name\":\"Andrej Bensack\",\"image\":{\"@type\":\"ImageObject\",\"@id\":\"https:\/\/www.iral-gmbh.de\/magazin\/#personlogo\",\"inLanguage\":\"de\",\"url\":\"https:\/\/secure.gravatar.com\/avatar\/f89fc234d866d7f5b7e26038f2295fff38a1a129e3e46048c2505dfc0dfc6fa3?s=96&d=mm&r=g\",\"contentUrl\":\"https:\/\/secure.gravatar.com\/avatar\/f89fc234d866d7f5b7e26038f2295fff38a1a129e3e46048c2505dfc0dfc6fa3?s=96&d=mm&r=g\",\"caption\":\"Andrej Bensack\"},\"url\":\"https:\/\/www.iral-gmbh.de\/magazin\/author\/andrej\/\"}]}<\/script>\n<!-- \/ Yoast SEO plugin. -->","yoast_head_json":{"title":"Die norddeutsche Metall- und Elektroindustrie k\u00e4mpft um ihr \u00dcberleben","robots":{"index":"index","follow":"follow","max-snippet":"max-snippet:-1","max-image-preview":"max-image-preview:large","max-video-preview":"max-video-preview:-1"},"canonical":"https:\/\/www.iral-gmbh.de\/magazin\/2022\/06\/20\/extrem-angeschlagen-die-norddeutsche-metall-und-elektroindustrie-kaempft-um-ihr-ueberleben\/","og_locale":"de_DE","og_type":"article","og_title":"Die norddeutsche Metall- und Elektroindustrie k\u00e4mpft um ihr \u00dcberleben","og_description":"Erst die Corona-Krise, dann der Ukraine Krieg \u2013 die norddeutsche Metall- und Elektroindustrie befindet sich in einer Krise und Experten sind sich sicher, dass so manch ein Unternehmen seinen Betrieb \u00fcber kurz oder lang wird aufgeben m\u00fcssen. Schon jetzt geben \u00fcber 20 Prozent der Firmen an, dass die Gesch\u00e4ftslage unbefriedigend [&hellip;]","og_url":"https:\/\/www.iral-gmbh.de\/magazin\/2022\/06\/20\/extrem-angeschlagen-die-norddeutsche-metall-und-elektroindustrie-kaempft-um-ihr-ueberleben\/","og_site_name":"Magazin","article_published_time":"2022-06-20T09:39:22+00:00","article_modified_time":"2022-06-20T09:39:24+00:00","og_image":[{"width":2560,"height":1707,"url":"https:\/\/www.iral-gmbh.de\/magazin\/wp-content\/uploads\/2022\/06\/20200630_3729_A7D08920-scaled.jpg","type":"image\/jpeg"}],"twitter_card":"summary_large_image","twitter_misc":{"Verfasst von":"Andrej Bensack","Gesch\u00e4tzte Lesezeit":"2\u00a0Minuten"},"schema":{"@context":"https:\/\/schema.org","@graph":[{"@type":"WebSite","@id":"https:\/\/www.iral-gmbh.de\/magazin\/#website","url":"https:\/\/www.iral-gmbh.de\/magazin\/","name":"Magazin","description":"Kostenlose Autoverwertung | Auto Entsorgen | IRAL GmbH","potentialAction":[{"@type":"SearchAction","target":{"@type":"EntryPoint","urlTemplate":"https:\/\/www.iral-gmbh.de\/magazin\/?s={search_term_string}"},"query-input":"required name=search_term_string"}],"inLanguage":"de"},{"@type":"ImageObject","@id":"https:\/\/www.iral-gmbh.de\/magazin\/2022\/06\/20\/extrem-angeschlagen-die-norddeutsche-metall-und-elektroindustrie-kaempft-um-ihr-ueberleben\/#primaryimage","inLanguage":"de","url":"https:\/\/www.iral-gmbh.de\/magazin\/wp-content\/uploads\/2022\/06\/20200630_3729_A7D08920-scaled.jpg","contentUrl":"https:\/\/www.iral-gmbh.de\/magazin\/wp-content\/uploads\/2022\/06\/20200630_3729_A7D08920-scaled.jpg","width":2560,"height":1707},{"@type":"WebPage","@id":"https:\/\/www.iral-gmbh.de\/magazin\/2022\/06\/20\/extrem-angeschlagen-die-norddeutsche-metall-und-elektroindustrie-kaempft-um-ihr-ueberleben\/#webpage","url":"https:\/\/www.iral-gmbh.de\/magazin\/2022\/06\/20\/extrem-angeschlagen-die-norddeutsche-metall-und-elektroindustrie-kaempft-um-ihr-ueberleben\/","name":"Die norddeutsche Metall- und Elektroindustrie k\u00e4mpft um ihr \u00dcberleben","isPartOf":{"@id":"https:\/\/www.iral-gmbh.de\/magazin\/#website"},"primaryImageOfPage":{"@id":"https:\/\/www.iral-gmbh.de\/magazin\/2022\/06\/20\/extrem-angeschlagen-die-norddeutsche-metall-und-elektroindustrie-kaempft-um-ihr-ueberleben\/#primaryimage"},"datePublished":"2022-06-20T09:39:22+00:00","dateModified":"2022-06-20T09:39:24+00:00","author":{"@id":"https:\/\/www.iral-gmbh.de\/magazin\/#\/schema\/person\/34d3bfe0fddb1b67696b48f128a57f3d"},"breadcrumb":{"@id":"https:\/\/www.iral-gmbh.de\/magazin\/2022\/06\/20\/extrem-angeschlagen-die-norddeutsche-metall-und-elektroindustrie-kaempft-um-ihr-ueberleben\/#breadcrumb"},"inLanguage":"de","potentialAction":[{"@type":"ReadAction","target":["https:\/\/www.iral-gmbh.de\/magazin\/2022\/06\/20\/extrem-angeschlagen-die-norddeutsche-metall-und-elektroindustrie-kaempft-um-ihr-ueberleben\/"]}]},{"@type":"BreadcrumbList","@id":"https:\/\/www.iral-gmbh.de\/magazin\/2022\/06\/20\/extrem-angeschlagen-die-norddeutsche-metall-und-elektroindustrie-kaempft-um-ihr-ueberleben\/#breadcrumb","itemListElement":[{"@type":"ListItem","position":1,"name":"Startseite","item":"https:\/\/www.iral-gmbh.de\/magazin\/"},{"@type":"ListItem","position":2,"name":"Extrem angeschlagen \u2013 die norddeutsche Metall- und Elektroindustrie k\u00e4mpft um ihr \u00dcberleben"}]},{"@type":"Person","@id":"https:\/\/www.iral-gmbh.de\/magazin\/#\/schema\/person\/34d3bfe0fddb1b67696b48f128a57f3d","name":"Andrej Bensack","image":{"@type":"ImageObject","@id":"https:\/\/www.iral-gmbh.de\/magazin\/#personlogo","inLanguage":"de","url":"https:\/\/secure.gravatar.com\/avatar\/f89fc234d866d7f5b7e26038f2295fff38a1a129e3e46048c2505dfc0dfc6fa3?s=96&d=mm&r=g","contentUrl":"https:\/\/secure.gravatar.com\/avatar\/f89fc234d866d7f5b7e26038f2295fff38a1a129e3e46048c2505dfc0dfc6fa3?s=96&d=mm&r=g","caption":"Andrej Bensack"},"url":"https:\/\/www.iral-gmbh.de\/magazin\/author\/andrej\/"}]}},"_links":{"self":[{"href":"https:\/\/www.iral-gmbh.de\/magazin\/wp-json\/wp\/v2\/posts\/68","targetHints":{"allow":["GET"]}}],"collection":[{"href":"https:\/\/www.iral-gmbh.de\/magazin\/wp-json\/wp\/v2\/posts"}],"about":[{"href":"https:\/\/www.iral-gmbh.de\/magazin\/wp-json\/wp\/v2\/types\/post"}],"author":[{"embeddable":true,"href":"https:\/\/www.iral-gmbh.de\/magazin\/wp-json\/wp\/v2\/users\/2"}],"replies":[{"embeddable":true,"href":"https:\/\/www.iral-gmbh.de\/magazin\/wp-json\/wp\/v2\/comments?post=68"}],"version-history":[{"count":2,"href":"https:\/\/www.iral-gmbh.de\/magazin\/wp-json\/wp\/v2\/posts\/68\/revisions"}],"predecessor-version":[{"id":90,"href":"https:\/\/www.iral-gmbh.de\/magazin\/wp-json\/wp\/v2\/posts\/68\/revisions\/90"}],"wp:featuredmedia":[{"embeddable":true,"href":"https:\/\/www.iral-gmbh.de\/magazin\/wp-json\/wp\/v2\/media\/69"}],"wp:attachment":[{"href":"https:\/\/www.iral-gmbh.de\/magazin\/wp-json\/wp\/v2\/media?parent=68"}],"wp:term":[{"taxonomy":"category","embeddable":true,"href":"https:\/\/www.iral-gmbh.de\/magazin\/wp-json\/wp\/v2\/categories?post=68"},{"taxonomy":"post_tag","embeddable":true,"href":"https:\/\/www.iral-gmbh.de\/magazin\/wp-json\/wp\/v2\/tags?post=68"}],"curies":[{"name":"wp","href":"https:\/\/api.w.org\/{rel}","templated":true}]}}