{"id":64,"date":"2022-05-09T11:02:29","date_gmt":"2022-05-09T09:02:29","guid":{"rendered":"https:\/\/www.iral-gmbh.de\/magazin\/?p=64"},"modified":"2022-05-09T11:02:31","modified_gmt":"2022-05-09T09:02:31","slug":"das-sind-die-themen-der-prezero-auf-der-ifat-2022-in-muenchen","status":"publish","type":"post","link":"https:\/\/www.iral-gmbh.de\/magazin\/2022\/05\/09\/das-sind-die-themen-der-prezero-auf-der-ifat-2022-in-muenchen\/","title":{"rendered":"Das sind die Themen der PreZero auf der IFAT 2022 in M\u00fcnchen"},"content":{"rendered":"\n<p>Vom <strong>30.05.2022 bis 03.06.2022 <\/strong>pr\u00e4sentiert sich die <strong>PreZero<\/strong> auf der Weltleitmesse f\u00fcr Wasser-, Abwasser-, Abfall- und Rohstoffwirtschaft mit einem eindrucksvollen Motto:\u00a0 \u201ePreThink \u2013 Shaping a circular future\u201c lautete die Devise, um das sich in diesem Jahr alles drehen wird. PreZero hat es sich zur Aufgabe gemacht, alle Kompetenzen der Kreislaufwirtschaft unter einem Dach zu b\u00fcndeln und sich als herausragender Umweltdienstleister zu positionieren.<\/p>\n\n\n\n<p>Geplant ist, dass PreZero auf der IFAT in M\u00fcnchen das komplette Leistungsspektrum aller elf angeschlossenen L\u00e4nder vorstellt. Einzelnen Unternehmen aber auch Kommunen k\u00f6nnen sich auf dem Messestand informieren und beraten lassen. Dazu sind zahlreiche Diskussionsrunden mit hochkar\u00e4tigen G\u00e4sten geplant, sodass der Messe-Auftritt von PreZero schon jetzt viel Spannendes und Wissenswertes erwachten l\u00e4sst.<\/p>\n\n\n\n<h2 class=\"wp-block-heading\"><strong>Erfolgreiche Kreislaufwirtschaft auch bei der IRAL Autoverwertung<\/strong><\/h2>\n\n\n\n<p>Eine erfolgreiche Kreislaufwirtschaft ist in der heutigen Zeit von elementarer Bedeutung. Das wei\u00df nicht nur PreZero, sondern auch IRAL. Die qualifizierte Autoverwertung GmbH ist zwar nicht auf der IFAT in M\u00fcnchen vertreten, hat sich jedoch voll und ganz der professionellen und umweltschonenden Autoentsorgung verschrieben. Kunden von IRAL profitieren gleich mehrfach vom exzellenten und modernen Serviceangebot \u2013 die Autoabholung ist zum einen absolut kostenlos. Zum anderen erhalten die Auftraggeber noch einen Barbonus in H\u00f6he von bis zu 100 Euro, wenn sie ihr Alt-, Unfall- bzw. Schrottauto in die H\u00e4nde des umweltbewussten Autoentsorgers geben.<\/p>\n\n\n\n<p><strong>Die Umwelt schonen und dabei noch richtig viel Geld sparen<\/strong><\/p>\n\n\n\n<p>Ob Autoabholung, Verwertung und Verschrottung &#8211; die Kfz-Entsorgung durch IRAL verl\u00e4uft sauber, zielt auf das <em>Recycling<\/em>von Altmetallen ab, ist dar\u00fcber hinaus v\u00f6llig kostenlos und wird sogar mit einer Entsorgungspr\u00e4mie belohnt. Wer Privat- oder Firmenfahrzeug schnell und umweltgerecht entsorgt wissen will, ist bei IRAL immer an der richtigen Adresse. Das kompetente Team agiert bundesweit und entsorgt private <a href=\"https:\/\/www.iral-gmbh.de\/autoverwertung.html\">Pkw<\/a> wie auch Firmenwagen und <a href=\"https:\/\/www.iral-gmbh.de\/lkw-verwertung.html\">Lkw<\/a>. Ein Anruf gen\u00fcgt und der erste Schritt f\u00fcr eine erfolgreiche Kreislaufwirtschaft ist getan.<\/p>\n","protected":false},"excerpt":{"rendered":"<p>Vom 30.05.2022 bis 03.06.2022 pr\u00e4sentiert sich die PreZero auf der Weltleitmesse f\u00fcr Wasser-, Abwasser-, Abfall- und Rohstoffwirtschaft mit einem eindrucksvollen Motto:\u00a0 \u201ePreThink \u2013 Shaping a circular future\u201c lautete die Devise, um das sich in diesem Jahr alles drehen wird. PreZero hat es sich zur Aufgabe gemacht, alle Kompetenzen der Kreislaufwirtschaft [&hellip;]<\/p>\n","protected":false},"author":2,"featured_media":65,"comment_status":"open","ping_status":"open","sticky":false,"template":"","format":"standard","meta":{"footnotes":""},"categories":[3],"tags":[],"class_list":["post-64","post","type-post","status-publish","format-standard","has-post-thumbnail","hentry","category-news"],"yoast_head":"<!-- This site is optimized with the Yoast SEO plugin v18.5.1 - https:\/\/yoast.com\/wordpress\/plugins\/seo\/ -->\n<title>Das sind die Themen der PreZero auf der IFAT 2022 in M\u00fcnchen<\/title>\n<meta name=\"robots\" content=\"index, follow, max-snippet:-1, max-image-preview:large, max-video-preview:-1\" \/>\n<link rel=\"canonical\" href=\"https:\/\/www.iral-gmbh.de\/magazin\/2022\/05\/09\/das-sind-die-themen-der-prezero-auf-der-ifat-2022-in-muenchen\/\" \/>\n<meta property=\"og:locale\" content=\"de_DE\" \/>\n<meta property=\"og:type\" content=\"article\" \/>\n<meta property=\"og:title\" content=\"Das sind die Themen der PreZero auf der IFAT 2022 in M\u00fcnchen\" \/>\n<meta property=\"og:description\" content=\"Vom 30.05.2022 bis 03.06.2022 pr\u00e4sentiert sich die PreZero auf der Weltleitmesse f\u00fcr Wasser-, Abwasser-, Abfall- und Rohstoffwirtschaft mit einem eindrucksvollen Motto:\u00a0 \u201ePreThink \u2013 Shaping a circular future\u201c lautete die Devise, um das sich in diesem Jahr alles drehen wird. PreZero hat es sich zur Aufgabe gemacht, alle Kompetenzen der Kreislaufwirtschaft [&hellip;]\" \/>\n<meta property=\"og:url\" content=\"https:\/\/www.iral-gmbh.de\/magazin\/2022\/05\/09\/das-sind-die-themen-der-prezero-auf-der-ifat-2022-in-muenchen\/\" \/>\n<meta property=\"og:site_name\" content=\"Magazin\" \/>\n<meta property=\"article:published_time\" content=\"2022-05-09T09:02:29+00:00\" \/>\n<meta property=\"article:modified_time\" content=\"2022-05-09T09:02:31+00:00\" \/>\n<meta property=\"og:image\" content=\"https:\/\/www.iral-gmbh.de\/magazin\/wp-content\/uploads\/2022\/05\/20200630_3738_A7D08929-scaled.jpg\" \/>\n\t<meta property=\"og:image:width\" content=\"2560\" \/>\n\t<meta property=\"og:image:height\" content=\"1707\" \/>\n\t<meta property=\"og:image:type\" content=\"image\/jpeg\" \/>\n<meta name=\"twitter:card\" content=\"summary_large_image\" \/>\n<meta name=\"twitter:label1\" content=\"Verfasst von\" \/>\n\t<meta name=\"twitter:data1\" content=\"Andrej Bensack\" \/>\n\t<meta name=\"twitter:label2\" content=\"Gesch\u00e4tzte Lesezeit\" \/>\n\t<meta name=\"twitter:data2\" content=\"2\u00a0Minuten\" \/>\n<script type=\"application\/ld+json\" class=\"yoast-schema-graph\">{\"@context\":\"https:\/\/schema.org\",\"@graph\":[{\"@type\":\"WebSite\",\"@id\":\"https:\/\/www.iral-gmbh.de\/magazin\/#website\",\"url\":\"https:\/\/www.iral-gmbh.de\/magazin\/\",\"name\":\"Magazin\",\"description\":\"Kostenlose Autoverwertung | Auto Entsorgen | IRAL GmbH\",\"potentialAction\":[{\"@type\":\"SearchAction\",\"target\":{\"@type\":\"EntryPoint\",\"urlTemplate\":\"https:\/\/www.iral-gmbh.de\/magazin\/?s={search_term_string}\"},\"query-input\":\"required name=search_term_string\"}],\"inLanguage\":\"de\"},{\"@type\":\"ImageObject\",\"@id\":\"https:\/\/www.iral-gmbh.de\/magazin\/2022\/05\/09\/das-sind-die-themen-der-prezero-auf-der-ifat-2022-in-muenchen\/#primaryimage\",\"inLanguage\":\"de\",\"url\":\"https:\/\/www.iral-gmbh.de\/magazin\/wp-content\/uploads\/2022\/05\/20200630_3738_A7D08929-scaled.jpg\",\"contentUrl\":\"https:\/\/www.iral-gmbh.de\/magazin\/wp-content\/uploads\/2022\/05\/20200630_3738_A7D08929-scaled.jpg\",\"width\":2560,\"height\":1707,\"caption\":\"Wasser-, Abwasser-, Abfall- und Rohstoffwirtschaft\"},{\"@type\":\"WebPage\",\"@id\":\"https:\/\/www.iral-gmbh.de\/magazin\/2022\/05\/09\/das-sind-die-themen-der-prezero-auf-der-ifat-2022-in-muenchen\/#webpage\",\"url\":\"https:\/\/www.iral-gmbh.de\/magazin\/2022\/05\/09\/das-sind-die-themen-der-prezero-auf-der-ifat-2022-in-muenchen\/\",\"name\":\"Das sind die Themen der PreZero auf der IFAT 2022 in M\u00fcnchen\",\"isPartOf\":{\"@id\":\"https:\/\/www.iral-gmbh.de\/magazin\/#website\"},\"primaryImageOfPage\":{\"@id\":\"https:\/\/www.iral-gmbh.de\/magazin\/2022\/05\/09\/das-sind-die-themen-der-prezero-auf-der-ifat-2022-in-muenchen\/#primaryimage\"},\"datePublished\":\"2022-05-09T09:02:29+00:00\",\"dateModified\":\"2022-05-09T09:02:31+00:00\",\"author\":{\"@id\":\"https:\/\/www.iral-gmbh.de\/magazin\/#\/schema\/person\/34d3bfe0fddb1b67696b48f128a57f3d\"},\"breadcrumb\":{\"@id\":\"https:\/\/www.iral-gmbh.de\/magazin\/2022\/05\/09\/das-sind-die-themen-der-prezero-auf-der-ifat-2022-in-muenchen\/#breadcrumb\"},\"inLanguage\":\"de\",\"potentialAction\":[{\"@type\":\"ReadAction\",\"target\":[\"https:\/\/www.iral-gmbh.de\/magazin\/2022\/05\/09\/das-sind-die-themen-der-prezero-auf-der-ifat-2022-in-muenchen\/\"]}]},{\"@type\":\"BreadcrumbList\",\"@id\":\"https:\/\/www.iral-gmbh.de\/magazin\/2022\/05\/09\/das-sind-die-themen-der-prezero-auf-der-ifat-2022-in-muenchen\/#breadcrumb\",\"itemListElement\":[{\"@type\":\"ListItem\",\"position\":1,\"name\":\"Startseite\",\"item\":\"https:\/\/www.iral-gmbh.de\/magazin\/\"},{\"@type\":\"ListItem\",\"position\":2,\"name\":\"Das sind die Themen der PreZero auf der IFAT 2022 in M\u00fcnchen\"}]},{\"@type\":\"Person\",\"@id\":\"https:\/\/www.iral-gmbh.de\/magazin\/#\/schema\/person\/34d3bfe0fddb1b67696b48f128a57f3d\",\"name\":\"Andrej Bensack\",\"image\":{\"@type\":\"ImageObject\",\"@id\":\"https:\/\/www.iral-gmbh.de\/magazin\/#personlogo\",\"inLanguage\":\"de\",\"url\":\"https:\/\/secure.gravatar.com\/avatar\/f89fc234d866d7f5b7e26038f2295fff38a1a129e3e46048c2505dfc0dfc6fa3?s=96&d=mm&r=g\",\"contentUrl\":\"https:\/\/secure.gravatar.com\/avatar\/f89fc234d866d7f5b7e26038f2295fff38a1a129e3e46048c2505dfc0dfc6fa3?s=96&d=mm&r=g\",\"caption\":\"Andrej Bensack\"},\"url\":\"https:\/\/www.iral-gmbh.de\/magazin\/author\/andrej\/\"}]}<\/script>\n<!-- \/ Yoast SEO plugin. -->","yoast_head_json":{"title":"Das sind die Themen der PreZero auf der IFAT 2022 in M\u00fcnchen","robots":{"index":"index","follow":"follow","max-snippet":"max-snippet:-1","max-image-preview":"max-image-preview:large","max-video-preview":"max-video-preview:-1"},"canonical":"https:\/\/www.iral-gmbh.de\/magazin\/2022\/05\/09\/das-sind-die-themen-der-prezero-auf-der-ifat-2022-in-muenchen\/","og_locale":"de_DE","og_type":"article","og_title":"Das sind die Themen der PreZero auf der IFAT 2022 in M\u00fcnchen","og_description":"Vom 30.05.2022 bis 03.06.2022 pr\u00e4sentiert sich die PreZero auf der Weltleitmesse f\u00fcr Wasser-, Abwasser-, Abfall- und Rohstoffwirtschaft mit einem eindrucksvollen Motto:\u00a0 \u201ePreThink \u2013 Shaping a circular future\u201c lautete die Devise, um das sich in diesem Jahr alles drehen wird. PreZero hat es sich zur Aufgabe gemacht, alle Kompetenzen der Kreislaufwirtschaft [&hellip;]","og_url":"https:\/\/www.iral-gmbh.de\/magazin\/2022\/05\/09\/das-sind-die-themen-der-prezero-auf-der-ifat-2022-in-muenchen\/","og_site_name":"Magazin","article_published_time":"2022-05-09T09:02:29+00:00","article_modified_time":"2022-05-09T09:02:31+00:00","og_image":[{"width":2560,"height":1707,"url":"https:\/\/www.iral-gmbh.de\/magazin\/wp-content\/uploads\/2022\/05\/20200630_3738_A7D08929-scaled.jpg","type":"image\/jpeg"}],"twitter_card":"summary_large_image","twitter_misc":{"Verfasst von":"Andrej Bensack","Gesch\u00e4tzte Lesezeit":"2\u00a0Minuten"},"schema":{"@context":"https:\/\/schema.org","@graph":[{"@type":"WebSite","@id":"https:\/\/www.iral-gmbh.de\/magazin\/#website","url":"https:\/\/www.iral-gmbh.de\/magazin\/","name":"Magazin","description":"Kostenlose Autoverwertung | Auto Entsorgen | IRAL GmbH","potentialAction":[{"@type":"SearchAction","target":{"@type":"EntryPoint","urlTemplate":"https:\/\/www.iral-gmbh.de\/magazin\/?s={search_term_string}"},"query-input":"required name=search_term_string"}],"inLanguage":"de"},{"@type":"ImageObject","@id":"https:\/\/www.iral-gmbh.de\/magazin\/2022\/05\/09\/das-sind-die-themen-der-prezero-auf-der-ifat-2022-in-muenchen\/#primaryimage","inLanguage":"de","url":"https:\/\/www.iral-gmbh.de\/magazin\/wp-content\/uploads\/2022\/05\/20200630_3738_A7D08929-scaled.jpg","contentUrl":"https:\/\/www.iral-gmbh.de\/magazin\/wp-content\/uploads\/2022\/05\/20200630_3738_A7D08929-scaled.jpg","width":2560,"height":1707,"caption":"Wasser-, Abwasser-, Abfall- und Rohstoffwirtschaft"},{"@type":"WebPage","@id":"https:\/\/www.iral-gmbh.de\/magazin\/2022\/05\/09\/das-sind-die-themen-der-prezero-auf-der-ifat-2022-in-muenchen\/#webpage","url":"https:\/\/www.iral-gmbh.de\/magazin\/2022\/05\/09\/das-sind-die-themen-der-prezero-auf-der-ifat-2022-in-muenchen\/","name":"Das sind die Themen der PreZero auf der IFAT 2022 in M\u00fcnchen","isPartOf":{"@id":"https:\/\/www.iral-gmbh.de\/magazin\/#website"},"primaryImageOfPage":{"@id":"https:\/\/www.iral-gmbh.de\/magazin\/2022\/05\/09\/das-sind-die-themen-der-prezero-auf-der-ifat-2022-in-muenchen\/#primaryimage"},"datePublished":"2022-05-09T09:02:29+00:00","dateModified":"2022-05-09T09:02:31+00:00","author":{"@id":"https:\/\/www.iral-gmbh.de\/magazin\/#\/schema\/person\/34d3bfe0fddb1b67696b48f128a57f3d"},"breadcrumb":{"@id":"https:\/\/www.iral-gmbh.de\/magazin\/2022\/05\/09\/das-sind-die-themen-der-prezero-auf-der-ifat-2022-in-muenchen\/#breadcrumb"},"inLanguage":"de","potentialAction":[{"@type":"ReadAction","target":["https:\/\/www.iral-gmbh.de\/magazin\/2022\/05\/09\/das-sind-die-themen-der-prezero-auf-der-ifat-2022-in-muenchen\/"]}]},{"@type":"BreadcrumbList","@id":"https:\/\/www.iral-gmbh.de\/magazin\/2022\/05\/09\/das-sind-die-themen-der-prezero-auf-der-ifat-2022-in-muenchen\/#breadcrumb","itemListElement":[{"@type":"ListItem","position":1,"name":"Startseite","item":"https:\/\/www.iral-gmbh.de\/magazin\/"},{"@type":"ListItem","position":2,"name":"Das sind die Themen der PreZero auf der IFAT 2022 in M\u00fcnchen"}]},{"@type":"Person","@id":"https:\/\/www.iral-gmbh.de\/magazin\/#\/schema\/person\/34d3bfe0fddb1b67696b48f128a57f3d","name":"Andrej Bensack","image":{"@type":"ImageObject","@id":"https:\/\/www.iral-gmbh.de\/magazin\/#personlogo","inLanguage":"de","url":"https:\/\/secure.gravatar.com\/avatar\/f89fc234d866d7f5b7e26038f2295fff38a1a129e3e46048c2505dfc0dfc6fa3?s=96&d=mm&r=g","contentUrl":"https:\/\/secure.gravatar.com\/avatar\/f89fc234d866d7f5b7e26038f2295fff38a1a129e3e46048c2505dfc0dfc6fa3?s=96&d=mm&r=g","caption":"Andrej Bensack"},"url":"https:\/\/www.iral-gmbh.de\/magazin\/author\/andrej\/"}]}},"_links":{"self":[{"href":"https:\/\/www.iral-gmbh.de\/magazin\/wp-json\/wp\/v2\/posts\/64","targetHints":{"allow":["GET"]}}],"collection":[{"href":"https:\/\/www.iral-gmbh.de\/magazin\/wp-json\/wp\/v2\/posts"}],"about":[{"href":"https:\/\/www.iral-gmbh.de\/magazin\/wp-json\/wp\/v2\/types\/post"}],"author":[{"embeddable":true,"href":"https:\/\/www.iral-gmbh.de\/magazin\/wp-json\/wp\/v2\/users\/2"}],"replies":[{"embeddable":true,"href":"https:\/\/www.iral-gmbh.de\/magazin\/wp-json\/wp\/v2\/comments?post=64"}],"version-history":[{"count":1,"href":"https:\/\/www.iral-gmbh.de\/magazin\/wp-json\/wp\/v2\/posts\/64\/revisions"}],"predecessor-version":[{"id":66,"href":"https:\/\/www.iral-gmbh.de\/magazin\/wp-json\/wp\/v2\/posts\/64\/revisions\/66"}],"wp:featuredmedia":[{"embeddable":true,"href":"https:\/\/www.iral-gmbh.de\/magazin\/wp-json\/wp\/v2\/media\/65"}],"wp:attachment":[{"href":"https:\/\/www.iral-gmbh.de\/magazin\/wp-json\/wp\/v2\/media?parent=64"}],"wp:term":[{"taxonomy":"category","embeddable":true,"href":"https:\/\/www.iral-gmbh.de\/magazin\/wp-json\/wp\/v2\/categories?post=64"},{"taxonomy":"post_tag","embeddable":true,"href":"https:\/\/www.iral-gmbh.de\/magazin\/wp-json\/wp\/v2\/tags?post=64"}],"curies":[{"name":"wp","href":"https:\/\/api.w.org\/{rel}","templated":true}]}}