{"id":21,"date":"2022-04-01T15:46:04","date_gmt":"2022-04-01T13:46:04","guid":{"rendered":"https:\/\/www.iral-gmbh.de\/magazin\/?p=21"},"modified":"2022-04-21T12:35:03","modified_gmt":"2022-04-21T10:35:03","slug":"verpackungsrecycling-was-aendert-sich-in-2022","status":"publish","type":"post","link":"https:\/\/www.iral-gmbh.de\/magazin\/2022\/04\/01\/verpackungsrecycling-was-aendert-sich-in-2022\/","title":{"rendered":"Verpackungsrecycling \u2013 was \u00e4ndert sich in 2022?"},"content":{"rendered":"\n<p>Die Deutsche Kreislaufwirtschaft und Verpackungshersteller haben gro\u00dfe Erwartungen an die neue Bundesregierung. Auf dem 4. Verpackungsgipfel in Berlin haben die Vertreter beider Verb\u00e4nde dies wieder einmal sehr deutlich gemacht. Sowohl die Arbeitsgemeinschaft Verpackung + Umwelt (AGVU) wie auch der Bundesverband BDE hegen gro\u00dfe Hoffnung darauf, dass die neue Bundesregierung die Weichen in die richtige Richtung stellt und Verpackungsrecycling einen hohen Stellenwert einr\u00e4umt. <\/p>\n\n\n\n<figure class=\"wp-block-image size-large\"><img loading=\"lazy\" decoding=\"async\" width=\"1024\" height=\"683\" src=\"https:\/\/www.iral-gmbh.de\/magazin\/wp-content\/uploads\/2022\/04\/20200630_3358_A7D08549-1024x683.jpg\" alt=\"Recycling\" class=\"wp-image-55\" srcset=\"https:\/\/www.iral-gmbh.de\/magazin\/wp-content\/uploads\/2022\/04\/20200630_3358_A7D08549-1024x683.jpg 1024w, https:\/\/www.iral-gmbh.de\/magazin\/wp-content\/uploads\/2022\/04\/20200630_3358_A7D08549-300x200.jpg 300w, https:\/\/www.iral-gmbh.de\/magazin\/wp-content\/uploads\/2022\/04\/20200630_3358_A7D08549-768x512.jpg 768w, https:\/\/www.iral-gmbh.de\/magazin\/wp-content\/uploads\/2022\/04\/20200630_3358_A7D08549-1536x1024.jpg 1536w, https:\/\/www.iral-gmbh.de\/magazin\/wp-content\/uploads\/2022\/04\/20200630_3358_A7D08549-2048x1365.jpg 2048w, https:\/\/www.iral-gmbh.de\/magazin\/wp-content\/uploads\/2022\/04\/20200630_3358_A7D08549-2000x1333.jpg 2000w, https:\/\/www.iral-gmbh.de\/magazin\/wp-content\/uploads\/2022\/04\/20200630_3358_A7D08549-800x533.jpg 800w\" sizes=\"auto, (max-width: 1024px) 100vw, 1024px\" \/><\/figure>\n\n\n\n<p>Zur Berliner Konferenz \u201eRecyclingf\u00e4higkeit und Sekund\u00e4rrohstoffeinsatz bei Verpackungen\u201c hatte die nieders\u00e4chsische Landesvertretung eingeladen. Mit neuen Impulsen soll es in eine neue Legislaturperiode gehen, so das vorherrschende Thema.<\/p>\n\n\n\n<h2 class=\"wp-block-heading\"><strong>Kostenlose und umweltschonende Autoverschrottung \u2013 bundesweit<\/strong><\/h2>\n\n\n\n<p>Dass Recycling auch bei gro\u00dfen Dingen wie Fahrzeugen problemlos funktionieren kann, zeigt die IRAL GmbH schon seit langer Zeit. Wer sein Kfz nachhaltig und dazu noch kostenlos verschrotten lassen m\u00f6chte, muss lediglich einen Anruf t\u00e4tigen und schon ist das Team des qualifizierten Entsorgungsbetriebes zur Stelle. Selbstverst\u00e4ndlich erhalten Kunden ein Zertifikat, das eine Umwelt schonende Entsorgung garantiert.<\/p>\n","protected":false},"excerpt":{"rendered":"<p>Die Deutsche Kreislaufwirtschaft und Verpackungshersteller haben gro\u00dfe Erwartungen an die neue Bundesregierung. Auf dem 4. Verpackungsgipfel in Berlin haben die Vertreter beider Verb\u00e4nde dies wieder einmal sehr deutlich gemacht. Sowohl die Arbeitsgemeinschaft Verpackung + Umwelt (AGVU) wie auch der Bundesverband BDE hegen gro\u00dfe Hoffnung darauf, dass die neue Bundesregierung die [&hellip;]<\/p>\n","protected":false},"author":2,"featured_media":55,"comment_status":"open","ping_status":"open","sticky":false,"template":"","format":"standard","meta":{"footnotes":""},"categories":[3],"tags":[],"class_list":["post-21","post","type-post","status-publish","format-standard","has-post-thumbnail","hentry","category-news"],"yoast_head":"<!-- This site is optimized with the Yoast SEO plugin v18.5.1 - https:\/\/yoast.com\/wordpress\/plugins\/seo\/ -->\n<title>Verpackungsrecycling \u2013 was \u00e4ndert sich in 2022?<\/title>\n<meta name=\"robots\" content=\"index, follow, max-snippet:-1, max-image-preview:large, max-video-preview:-1\" \/>\n<link rel=\"canonical\" href=\"https:\/\/www.iral-gmbh.de\/magazin\/2022\/04\/01\/verpackungsrecycling-was-aendert-sich-in-2022\/\" \/>\n<meta property=\"og:locale\" content=\"de_DE\" \/>\n<meta property=\"og:type\" content=\"article\" \/>\n<meta property=\"og:title\" content=\"Verpackungsrecycling \u2013 was \u00e4ndert sich in 2022?\" \/>\n<meta property=\"og:description\" content=\"Die Deutsche Kreislaufwirtschaft und Verpackungshersteller haben gro\u00dfe Erwartungen an die neue Bundesregierung. Auf dem 4. Verpackungsgipfel in Berlin haben die Vertreter beider Verb\u00e4nde dies wieder einmal sehr deutlich gemacht. Sowohl die Arbeitsgemeinschaft Verpackung + Umwelt (AGVU) wie auch der Bundesverband BDE hegen gro\u00dfe Hoffnung darauf, dass die neue Bundesregierung die [&hellip;]\" \/>\n<meta property=\"og:url\" content=\"https:\/\/www.iral-gmbh.de\/magazin\/2022\/04\/01\/verpackungsrecycling-was-aendert-sich-in-2022\/\" \/>\n<meta property=\"og:site_name\" content=\"Magazin\" \/>\n<meta property=\"article:published_time\" content=\"2022-04-01T13:46:04+00:00\" \/>\n<meta property=\"article:modified_time\" content=\"2022-04-21T10:35:03+00:00\" \/>\n<meta property=\"og:image\" content=\"https:\/\/www.iral-gmbh.de\/magazin\/wp-content\/uploads\/2022\/04\/20200630_3358_A7D08549-scaled.jpg\" \/>\n\t<meta property=\"og:image:width\" content=\"2560\" \/>\n\t<meta property=\"og:image:height\" content=\"1707\" \/>\n\t<meta property=\"og:image:type\" content=\"image\/jpeg\" \/>\n<meta name=\"twitter:card\" content=\"summary_large_image\" \/>\n<meta name=\"twitter:label1\" content=\"Verfasst von\" \/>\n\t<meta name=\"twitter:data1\" content=\"Andrej Bensack\" \/>\n\t<meta name=\"twitter:label2\" content=\"Gesch\u00e4tzte Lesezeit\" \/>\n\t<meta name=\"twitter:data2\" content=\"2\u00a0Minuten\" \/>\n<script type=\"application\/ld+json\" class=\"yoast-schema-graph\">{\"@context\":\"https:\/\/schema.org\",\"@graph\":[{\"@type\":\"WebSite\",\"@id\":\"https:\/\/www.iral-gmbh.de\/magazin\/#website\",\"url\":\"https:\/\/www.iral-gmbh.de\/magazin\/\",\"name\":\"Magazin\",\"description\":\"Kostenlose Autoverwertung | Auto Entsorgen | IRAL GmbH\",\"potentialAction\":[{\"@type\":\"SearchAction\",\"target\":{\"@type\":\"EntryPoint\",\"urlTemplate\":\"https:\/\/www.iral-gmbh.de\/magazin\/?s={search_term_string}\"},\"query-input\":\"required name=search_term_string\"}],\"inLanguage\":\"de\"},{\"@type\":\"ImageObject\",\"@id\":\"https:\/\/www.iral-gmbh.de\/magazin\/2022\/04\/01\/verpackungsrecycling-was-aendert-sich-in-2022\/#primaryimage\",\"inLanguage\":\"de\",\"url\":\"https:\/\/www.iral-gmbh.de\/magazin\/wp-content\/uploads\/2022\/04\/20200630_3358_A7D08549-scaled.jpg\",\"contentUrl\":\"https:\/\/www.iral-gmbh.de\/magazin\/wp-content\/uploads\/2022\/04\/20200630_3358_A7D08549-scaled.jpg\",\"width\":2560,\"height\":1707,\"caption\":\"Recycling\"},{\"@type\":\"WebPage\",\"@id\":\"https:\/\/www.iral-gmbh.de\/magazin\/2022\/04\/01\/verpackungsrecycling-was-aendert-sich-in-2022\/#webpage\",\"url\":\"https:\/\/www.iral-gmbh.de\/magazin\/2022\/04\/01\/verpackungsrecycling-was-aendert-sich-in-2022\/\",\"name\":\"Verpackungsrecycling \u2013 was \u00e4ndert sich in 2022?\",\"isPartOf\":{\"@id\":\"https:\/\/www.iral-gmbh.de\/magazin\/#website\"},\"primaryImageOfPage\":{\"@id\":\"https:\/\/www.iral-gmbh.de\/magazin\/2022\/04\/01\/verpackungsrecycling-was-aendert-sich-in-2022\/#primaryimage\"},\"datePublished\":\"2022-04-01T13:46:04+00:00\",\"dateModified\":\"2022-04-21T10:35:03+00:00\",\"author\":{\"@id\":\"https:\/\/www.iral-gmbh.de\/magazin\/#\/schema\/person\/34d3bfe0fddb1b67696b48f128a57f3d\"},\"breadcrumb\":{\"@id\":\"https:\/\/www.iral-gmbh.de\/magazin\/2022\/04\/01\/verpackungsrecycling-was-aendert-sich-in-2022\/#breadcrumb\"},\"inLanguage\":\"de\",\"potentialAction\":[{\"@type\":\"ReadAction\",\"target\":[\"https:\/\/www.iral-gmbh.de\/magazin\/2022\/04\/01\/verpackungsrecycling-was-aendert-sich-in-2022\/\"]}]},{\"@type\":\"BreadcrumbList\",\"@id\":\"https:\/\/www.iral-gmbh.de\/magazin\/2022\/04\/01\/verpackungsrecycling-was-aendert-sich-in-2022\/#breadcrumb\",\"itemListElement\":[{\"@type\":\"ListItem\",\"position\":1,\"name\":\"Startseite\",\"item\":\"https:\/\/www.iral-gmbh.de\/magazin\/\"},{\"@type\":\"ListItem\",\"position\":2,\"name\":\"Verpackungsrecycling \u2013 was \u00e4ndert sich in 2022?\"}]},{\"@type\":\"Person\",\"@id\":\"https:\/\/www.iral-gmbh.de\/magazin\/#\/schema\/person\/34d3bfe0fddb1b67696b48f128a57f3d\",\"name\":\"Andrej Bensack\",\"image\":{\"@type\":\"ImageObject\",\"@id\":\"https:\/\/www.iral-gmbh.de\/magazin\/#personlogo\",\"inLanguage\":\"de\",\"url\":\"https:\/\/secure.gravatar.com\/avatar\/f89fc234d866d7f5b7e26038f2295fff38a1a129e3e46048c2505dfc0dfc6fa3?s=96&d=mm&r=g\",\"contentUrl\":\"https:\/\/secure.gravatar.com\/avatar\/f89fc234d866d7f5b7e26038f2295fff38a1a129e3e46048c2505dfc0dfc6fa3?s=96&d=mm&r=g\",\"caption\":\"Andrej Bensack\"},\"url\":\"https:\/\/www.iral-gmbh.de\/magazin\/author\/andrej\/\"}]}<\/script>\n<!-- \/ Yoast SEO plugin. -->","yoast_head_json":{"title":"Verpackungsrecycling \u2013 was \u00e4ndert sich in 2022?","robots":{"index":"index","follow":"follow","max-snippet":"max-snippet:-1","max-image-preview":"max-image-preview:large","max-video-preview":"max-video-preview:-1"},"canonical":"https:\/\/www.iral-gmbh.de\/magazin\/2022\/04\/01\/verpackungsrecycling-was-aendert-sich-in-2022\/","og_locale":"de_DE","og_type":"article","og_title":"Verpackungsrecycling \u2013 was \u00e4ndert sich in 2022?","og_description":"Die Deutsche Kreislaufwirtschaft und Verpackungshersteller haben gro\u00dfe Erwartungen an die neue Bundesregierung. Auf dem 4. Verpackungsgipfel in Berlin haben die Vertreter beider Verb\u00e4nde dies wieder einmal sehr deutlich gemacht. Sowohl die Arbeitsgemeinschaft Verpackung + Umwelt (AGVU) wie auch der Bundesverband BDE hegen gro\u00dfe Hoffnung darauf, dass die neue Bundesregierung die [&hellip;]","og_url":"https:\/\/www.iral-gmbh.de\/magazin\/2022\/04\/01\/verpackungsrecycling-was-aendert-sich-in-2022\/","og_site_name":"Magazin","article_published_time":"2022-04-01T13:46:04+00:00","article_modified_time":"2022-04-21T10:35:03+00:00","og_image":[{"width":2560,"height":1707,"url":"https:\/\/www.iral-gmbh.de\/magazin\/wp-content\/uploads\/2022\/04\/20200630_3358_A7D08549-scaled.jpg","type":"image\/jpeg"}],"twitter_card":"summary_large_image","twitter_misc":{"Verfasst von":"Andrej Bensack","Gesch\u00e4tzte Lesezeit":"2\u00a0Minuten"},"schema":{"@context":"https:\/\/schema.org","@graph":[{"@type":"WebSite","@id":"https:\/\/www.iral-gmbh.de\/magazin\/#website","url":"https:\/\/www.iral-gmbh.de\/magazin\/","name":"Magazin","description":"Kostenlose Autoverwertung | Auto Entsorgen | IRAL GmbH","potentialAction":[{"@type":"SearchAction","target":{"@type":"EntryPoint","urlTemplate":"https:\/\/www.iral-gmbh.de\/magazin\/?s={search_term_string}"},"query-input":"required name=search_term_string"}],"inLanguage":"de"},{"@type":"ImageObject","@id":"https:\/\/www.iral-gmbh.de\/magazin\/2022\/04\/01\/verpackungsrecycling-was-aendert-sich-in-2022\/#primaryimage","inLanguage":"de","url":"https:\/\/www.iral-gmbh.de\/magazin\/wp-content\/uploads\/2022\/04\/20200630_3358_A7D08549-scaled.jpg","contentUrl":"https:\/\/www.iral-gmbh.de\/magazin\/wp-content\/uploads\/2022\/04\/20200630_3358_A7D08549-scaled.jpg","width":2560,"height":1707,"caption":"Recycling"},{"@type":"WebPage","@id":"https:\/\/www.iral-gmbh.de\/magazin\/2022\/04\/01\/verpackungsrecycling-was-aendert-sich-in-2022\/#webpage","url":"https:\/\/www.iral-gmbh.de\/magazin\/2022\/04\/01\/verpackungsrecycling-was-aendert-sich-in-2022\/","name":"Verpackungsrecycling \u2013 was \u00e4ndert sich in 2022?","isPartOf":{"@id":"https:\/\/www.iral-gmbh.de\/magazin\/#website"},"primaryImageOfPage":{"@id":"https:\/\/www.iral-gmbh.de\/magazin\/2022\/04\/01\/verpackungsrecycling-was-aendert-sich-in-2022\/#primaryimage"},"datePublished":"2022-04-01T13:46:04+00:00","dateModified":"2022-04-21T10:35:03+00:00","author":{"@id":"https:\/\/www.iral-gmbh.de\/magazin\/#\/schema\/person\/34d3bfe0fddb1b67696b48f128a57f3d"},"breadcrumb":{"@id":"https:\/\/www.iral-gmbh.de\/magazin\/2022\/04\/01\/verpackungsrecycling-was-aendert-sich-in-2022\/#breadcrumb"},"inLanguage":"de","potentialAction":[{"@type":"ReadAction","target":["https:\/\/www.iral-gmbh.de\/magazin\/2022\/04\/01\/verpackungsrecycling-was-aendert-sich-in-2022\/"]}]},{"@type":"BreadcrumbList","@id":"https:\/\/www.iral-gmbh.de\/magazin\/2022\/04\/01\/verpackungsrecycling-was-aendert-sich-in-2022\/#breadcrumb","itemListElement":[{"@type":"ListItem","position":1,"name":"Startseite","item":"https:\/\/www.iral-gmbh.de\/magazin\/"},{"@type":"ListItem","position":2,"name":"Verpackungsrecycling \u2013 was \u00e4ndert sich in 2022?"}]},{"@type":"Person","@id":"https:\/\/www.iral-gmbh.de\/magazin\/#\/schema\/person\/34d3bfe0fddb1b67696b48f128a57f3d","name":"Andrej Bensack","image":{"@type":"ImageObject","@id":"https:\/\/www.iral-gmbh.de\/magazin\/#personlogo","inLanguage":"de","url":"https:\/\/secure.gravatar.com\/avatar\/f89fc234d866d7f5b7e26038f2295fff38a1a129e3e46048c2505dfc0dfc6fa3?s=96&d=mm&r=g","contentUrl":"https:\/\/secure.gravatar.com\/avatar\/f89fc234d866d7f5b7e26038f2295fff38a1a129e3e46048c2505dfc0dfc6fa3?s=96&d=mm&r=g","caption":"Andrej Bensack"},"url":"https:\/\/www.iral-gmbh.de\/magazin\/author\/andrej\/"}]}},"_links":{"self":[{"href":"https:\/\/www.iral-gmbh.de\/magazin\/wp-json\/wp\/v2\/posts\/21","targetHints":{"allow":["GET"]}}],"collection":[{"href":"https:\/\/www.iral-gmbh.de\/magazin\/wp-json\/wp\/v2\/posts"}],"about":[{"href":"https:\/\/www.iral-gmbh.de\/magazin\/wp-json\/wp\/v2\/types\/post"}],"author":[{"embeddable":true,"href":"https:\/\/www.iral-gmbh.de\/magazin\/wp-json\/wp\/v2\/users\/2"}],"replies":[{"embeddable":true,"href":"https:\/\/www.iral-gmbh.de\/magazin\/wp-json\/wp\/v2\/comments?post=21"}],"version-history":[{"count":2,"href":"https:\/\/www.iral-gmbh.de\/magazin\/wp-json\/wp\/v2\/posts\/21\/revisions"}],"predecessor-version":[{"id":57,"href":"https:\/\/www.iral-gmbh.de\/magazin\/wp-json\/wp\/v2\/posts\/21\/revisions\/57"}],"wp:featuredmedia":[{"embeddable":true,"href":"https:\/\/www.iral-gmbh.de\/magazin\/wp-json\/wp\/v2\/media\/55"}],"wp:attachment":[{"href":"https:\/\/www.iral-gmbh.de\/magazin\/wp-json\/wp\/v2\/media?parent=21"}],"wp:term":[{"taxonomy":"category","embeddable":true,"href":"https:\/\/www.iral-gmbh.de\/magazin\/wp-json\/wp\/v2\/categories?post=21"},{"taxonomy":"post_tag","embeddable":true,"href":"https:\/\/www.iral-gmbh.de\/magazin\/wp-json\/wp\/v2\/tags?post=21"}],"curies":[{"name":"wp","href":"https:\/\/api.w.org\/{rel}","templated":true}]}}