{"id":183,"date":"2024-01-15T15:29:16","date_gmt":"2024-01-15T14:29:16","guid":{"rendered":"https:\/\/www.iral-gmbh.de\/magazin\/?p=183"},"modified":"2024-01-15T15:29:17","modified_gmt":"2024-01-15T14:29:17","slug":"nachhaltig-wirtschaften-in-den-eigenen-vier-waenden","status":"publish","type":"post","link":"https:\/\/www.iral-gmbh.de\/magazin\/2024\/01\/15\/nachhaltig-wirtschaften-in-den-eigenen-vier-waenden\/","title":{"rendered":"Nachhaltig wirtschaften in den eigenen vier W\u00e4nden"},"content":{"rendered":"\n<p>Umwelt- und Ressourcenschutz ist l\u00e4ngst nicht nur die Aufgabe von Politik und Wirtschaft. Auch private Haushalte k\u00f6nnen einiges daf\u00fcr tun, durch nachhaltiges Agieren Einfluss auf den Klimawandel zu nehmen. Dazu lassen sich Kosten sparen, sodass auch der Geldbeutel profitiert. Wer bewusste Entscheidungen trifft, kann seinen \u00f6kologischen Fu\u00dfabdruck minimieren und tr\u00e4gt aktiv zur Gestaltung einer nachhaltigeren Zukunft bei.<\/p>\n\n\n\n<h2 class=\"wp-block-heading\"><strong>Nachfolgend unsere bew\u00e4hrten Tipps<\/strong><\/h2>\n\n\n\n<p>Bei den Themen M\u00fcllvermeidung, M\u00fclltrennung und Recycling k\u00f6nnen Verbraucher mit nur minimalem Einsatz sehr viel f\u00fcr die Umwelt bewirken. Die Vermeidung von Einwegartikeln wie Plastikflaschen und Plastikt\u00fcten beispielsweise ist ein einfaches Mittel. Wer stattdessen auf Mehrwegflaschen und Stoffbeutel setzt, schont die Ressourcen ganz erheblich.<\/p>\n\n\n\n<p>Auch die Reduzierung des Wasserverbrauchs ist ein nicht unerheblicher Faktor. In vielen Haushalten tr\u00f6pfeln undichte Wasserh\u00e4hne vor sich hin, sodass schon alleine hier sehr viel Potenzial zum Sparen besteht. Doch auch das Sammeln von Regenwasser f\u00fcr die Gartenbew\u00e4sserung sowie das Installieren von wassersparenden Duschk\u00f6pfen und Wasserh\u00e4hnen schont nicht nur den eigenen Geldbeutel.<\/p>\n\n\n\n<h2 class=\"wp-block-heading\"><strong>Energieeffiziente Elektroger\u00e4te und LEDs<\/strong><\/h2>\n\n\n\n<p>In puncto F\u00f6rderung der Energieeffizient bietet es sich an, in energieeffiziente Elektroger\u00e4te und LEDs zu investieren. Dar\u00fcber hinaus lohnt es sich oftmals, Ger\u00e4te nach der Nutzung komplett auszuschalten, statt diese weiterhin im Stand-by-Modus laufen zu lassen. Und richtig top wird es nat\u00fcrlich, wenn auf Sonnen- bzw. Windenergie zur\u00fcckgegriffen werden kann.<\/p>\n\n\n\n<p>Umwelt- und Ressourcenschutz ist nat\u00fcrlich stets auch eng mit dem Konsumverhalten verkn\u00fcpft. So hat beispielsweise eine Reduktion des Fleischverzehrs erheblichen Einfluss auf den \u00f6kologischen Fu\u00dfabdruck eines jeden einzelnen. Wer dazu auf saisonale Produkte aus der Region zur\u00fcckgreift, statt Fr\u00fcchte aus \u00dcbersee zu konsumieren, tut ein \u00dcbriges zum Umweltschutz dazu.<\/p>\n\n\n\n<h3 class=\"wp-block-heading\"><strong>Nachhaltige Praktiken im Alltag<\/strong><\/h3>\n\n\n\n<p>Es ist mittlerweile unerl\u00e4sslich geworden, sich \u00fcber nachhaltige Praktiken zu informieren und das Wissen dar\u00fcber auch an andere weiterzugeben. Umweltschutz geht nur gemeinsam.<\/p>\n\n\n\n<p>Bereits kleine Ver\u00e4nderungen k\u00f6nnen etwas bewirken und einen positiven Einfluss auf die Entwicklung unseres Planeten nehmen.<\/p>\n","protected":false},"excerpt":{"rendered":"<p>Umwelt- und Ressourcenschutz ist l\u00e4ngst nicht nur die Aufgabe von Politik und Wirtschaft. Auch private Haushalte k\u00f6nnen einiges daf\u00fcr tun, durch nachhaltiges Agieren Einfluss auf den Klimawandel zu nehmen. Dazu lassen sich Kosten sparen, sodass auch der Geldbeutel profitiert. Wer bewusste Entscheidungen trifft, kann seinen \u00f6kologischen Fu\u00dfabdruck minimieren und tr\u00e4gt [&hellip;]<\/p>\n","protected":false},"author":2,"featured_media":0,"comment_status":"open","ping_status":"open","sticky":false,"template":"","format":"standard","meta":{"footnotes":""},"categories":[8],"tags":[],"class_list":["post-183","post","type-post","status-publish","format-standard","hentry","category-umwelt"],"yoast_head":"<!-- This site is optimized with the Yoast SEO plugin v18.5.1 - https:\/\/yoast.com\/wordpress\/plugins\/seo\/ -->\n<title>Nachhaltig wirtschaften in den eigenen vier W\u00e4nden<\/title>\n<meta name=\"robots\" content=\"index, follow, max-snippet:-1, max-image-preview:large, max-video-preview:-1\" \/>\n<link rel=\"canonical\" href=\"https:\/\/www.iral-gmbh.de\/magazin\/2024\/01\/15\/nachhaltig-wirtschaften-in-den-eigenen-vier-waenden\/\" \/>\n<meta property=\"og:locale\" content=\"de_DE\" \/>\n<meta property=\"og:type\" content=\"article\" \/>\n<meta property=\"og:title\" content=\"Nachhaltig wirtschaften in den eigenen vier W\u00e4nden\" \/>\n<meta property=\"og:description\" content=\"Umwelt- und Ressourcenschutz ist l\u00e4ngst nicht nur die Aufgabe von Politik und Wirtschaft. Auch private Haushalte k\u00f6nnen einiges daf\u00fcr tun, durch nachhaltiges Agieren Einfluss auf den Klimawandel zu nehmen. Dazu lassen sich Kosten sparen, sodass auch der Geldbeutel profitiert. Wer bewusste Entscheidungen trifft, kann seinen \u00f6kologischen Fu\u00dfabdruck minimieren und tr\u00e4gt [&hellip;]\" \/>\n<meta property=\"og:url\" content=\"https:\/\/www.iral-gmbh.de\/magazin\/2024\/01\/15\/nachhaltig-wirtschaften-in-den-eigenen-vier-waenden\/\" \/>\n<meta property=\"og:site_name\" content=\"Magazin\" \/>\n<meta property=\"article:published_time\" content=\"2024-01-15T14:29:16+00:00\" \/>\n<meta property=\"article:modified_time\" content=\"2024-01-15T14:29:17+00:00\" \/>\n<meta name=\"twitter:card\" content=\"summary_large_image\" \/>\n<meta name=\"twitter:label1\" content=\"Verfasst von\" \/>\n\t<meta name=\"twitter:data1\" content=\"Andrej Bensack\" \/>\n\t<meta name=\"twitter:label2\" content=\"Gesch\u00e4tzte Lesezeit\" \/>\n\t<meta name=\"twitter:data2\" content=\"2\u00a0Minuten\" \/>\n<script type=\"application\/ld+json\" class=\"yoast-schema-graph\">{\"@context\":\"https:\/\/schema.org\",\"@graph\":[{\"@type\":\"WebSite\",\"@id\":\"https:\/\/www.iral-gmbh.de\/magazin\/#website\",\"url\":\"https:\/\/www.iral-gmbh.de\/magazin\/\",\"name\":\"Magazin\",\"description\":\"Kostenlose Autoverwertung | Auto Entsorgen | IRAL GmbH\",\"potentialAction\":[{\"@type\":\"SearchAction\",\"target\":{\"@type\":\"EntryPoint\",\"urlTemplate\":\"https:\/\/www.iral-gmbh.de\/magazin\/?s={search_term_string}\"},\"query-input\":\"required name=search_term_string\"}],\"inLanguage\":\"de\"},{\"@type\":\"WebPage\",\"@id\":\"https:\/\/www.iral-gmbh.de\/magazin\/2024\/01\/15\/nachhaltig-wirtschaften-in-den-eigenen-vier-waenden\/#webpage\",\"url\":\"https:\/\/www.iral-gmbh.de\/magazin\/2024\/01\/15\/nachhaltig-wirtschaften-in-den-eigenen-vier-waenden\/\",\"name\":\"Nachhaltig wirtschaften in den eigenen vier W\u00e4nden\",\"isPartOf\":{\"@id\":\"https:\/\/www.iral-gmbh.de\/magazin\/#website\"},\"datePublished\":\"2024-01-15T14:29:16+00:00\",\"dateModified\":\"2024-01-15T14:29:17+00:00\",\"author\":{\"@id\":\"https:\/\/www.iral-gmbh.de\/magazin\/#\/schema\/person\/34d3bfe0fddb1b67696b48f128a57f3d\"},\"breadcrumb\":{\"@id\":\"https:\/\/www.iral-gmbh.de\/magazin\/2024\/01\/15\/nachhaltig-wirtschaften-in-den-eigenen-vier-waenden\/#breadcrumb\"},\"inLanguage\":\"de\",\"potentialAction\":[{\"@type\":\"ReadAction\",\"target\":[\"https:\/\/www.iral-gmbh.de\/magazin\/2024\/01\/15\/nachhaltig-wirtschaften-in-den-eigenen-vier-waenden\/\"]}]},{\"@type\":\"BreadcrumbList\",\"@id\":\"https:\/\/www.iral-gmbh.de\/magazin\/2024\/01\/15\/nachhaltig-wirtschaften-in-den-eigenen-vier-waenden\/#breadcrumb\",\"itemListElement\":[{\"@type\":\"ListItem\",\"position\":1,\"name\":\"Startseite\",\"item\":\"https:\/\/www.iral-gmbh.de\/magazin\/\"},{\"@type\":\"ListItem\",\"position\":2,\"name\":\"Nachhaltig wirtschaften in den eigenen vier W\u00e4nden\"}]},{\"@type\":\"Person\",\"@id\":\"https:\/\/www.iral-gmbh.de\/magazin\/#\/schema\/person\/34d3bfe0fddb1b67696b48f128a57f3d\",\"name\":\"Andrej Bensack\",\"image\":{\"@type\":\"ImageObject\",\"@id\":\"https:\/\/www.iral-gmbh.de\/magazin\/#personlogo\",\"inLanguage\":\"de\",\"url\":\"https:\/\/secure.gravatar.com\/avatar\/f89fc234d866d7f5b7e26038f2295fff38a1a129e3e46048c2505dfc0dfc6fa3?s=96&d=mm&r=g\",\"contentUrl\":\"https:\/\/secure.gravatar.com\/avatar\/f89fc234d866d7f5b7e26038f2295fff38a1a129e3e46048c2505dfc0dfc6fa3?s=96&d=mm&r=g\",\"caption\":\"Andrej Bensack\"},\"url\":\"https:\/\/www.iral-gmbh.de\/magazin\/author\/andrej\/\"}]}<\/script>\n<!-- \/ Yoast SEO plugin. -->","yoast_head_json":{"title":"Nachhaltig wirtschaften in den eigenen vier W\u00e4nden","robots":{"index":"index","follow":"follow","max-snippet":"max-snippet:-1","max-image-preview":"max-image-preview:large","max-video-preview":"max-video-preview:-1"},"canonical":"https:\/\/www.iral-gmbh.de\/magazin\/2024\/01\/15\/nachhaltig-wirtschaften-in-den-eigenen-vier-waenden\/","og_locale":"de_DE","og_type":"article","og_title":"Nachhaltig wirtschaften in den eigenen vier W\u00e4nden","og_description":"Umwelt- und Ressourcenschutz ist l\u00e4ngst nicht nur die Aufgabe von Politik und Wirtschaft. Auch private Haushalte k\u00f6nnen einiges daf\u00fcr tun, durch nachhaltiges Agieren Einfluss auf den Klimawandel zu nehmen. Dazu lassen sich Kosten sparen, sodass auch der Geldbeutel profitiert. Wer bewusste Entscheidungen trifft, kann seinen \u00f6kologischen Fu\u00dfabdruck minimieren und tr\u00e4gt [&hellip;]","og_url":"https:\/\/www.iral-gmbh.de\/magazin\/2024\/01\/15\/nachhaltig-wirtschaften-in-den-eigenen-vier-waenden\/","og_site_name":"Magazin","article_published_time":"2024-01-15T14:29:16+00:00","article_modified_time":"2024-01-15T14:29:17+00:00","twitter_card":"summary_large_image","twitter_misc":{"Verfasst von":"Andrej Bensack","Gesch\u00e4tzte Lesezeit":"2\u00a0Minuten"},"schema":{"@context":"https:\/\/schema.org","@graph":[{"@type":"WebSite","@id":"https:\/\/www.iral-gmbh.de\/magazin\/#website","url":"https:\/\/www.iral-gmbh.de\/magazin\/","name":"Magazin","description":"Kostenlose Autoverwertung | Auto Entsorgen | IRAL GmbH","potentialAction":[{"@type":"SearchAction","target":{"@type":"EntryPoint","urlTemplate":"https:\/\/www.iral-gmbh.de\/magazin\/?s={search_term_string}"},"query-input":"required name=search_term_string"}],"inLanguage":"de"},{"@type":"WebPage","@id":"https:\/\/www.iral-gmbh.de\/magazin\/2024\/01\/15\/nachhaltig-wirtschaften-in-den-eigenen-vier-waenden\/#webpage","url":"https:\/\/www.iral-gmbh.de\/magazin\/2024\/01\/15\/nachhaltig-wirtschaften-in-den-eigenen-vier-waenden\/","name":"Nachhaltig wirtschaften in den eigenen vier W\u00e4nden","isPartOf":{"@id":"https:\/\/www.iral-gmbh.de\/magazin\/#website"},"datePublished":"2024-01-15T14:29:16+00:00","dateModified":"2024-01-15T14:29:17+00:00","author":{"@id":"https:\/\/www.iral-gmbh.de\/magazin\/#\/schema\/person\/34d3bfe0fddb1b67696b48f128a57f3d"},"breadcrumb":{"@id":"https:\/\/www.iral-gmbh.de\/magazin\/2024\/01\/15\/nachhaltig-wirtschaften-in-den-eigenen-vier-waenden\/#breadcrumb"},"inLanguage":"de","potentialAction":[{"@type":"ReadAction","target":["https:\/\/www.iral-gmbh.de\/magazin\/2024\/01\/15\/nachhaltig-wirtschaften-in-den-eigenen-vier-waenden\/"]}]},{"@type":"BreadcrumbList","@id":"https:\/\/www.iral-gmbh.de\/magazin\/2024\/01\/15\/nachhaltig-wirtschaften-in-den-eigenen-vier-waenden\/#breadcrumb","itemListElement":[{"@type":"ListItem","position":1,"name":"Startseite","item":"https:\/\/www.iral-gmbh.de\/magazin\/"},{"@type":"ListItem","position":2,"name":"Nachhaltig wirtschaften in den eigenen vier W\u00e4nden"}]},{"@type":"Person","@id":"https:\/\/www.iral-gmbh.de\/magazin\/#\/schema\/person\/34d3bfe0fddb1b67696b48f128a57f3d","name":"Andrej Bensack","image":{"@type":"ImageObject","@id":"https:\/\/www.iral-gmbh.de\/magazin\/#personlogo","inLanguage":"de","url":"https:\/\/secure.gravatar.com\/avatar\/f89fc234d866d7f5b7e26038f2295fff38a1a129e3e46048c2505dfc0dfc6fa3?s=96&d=mm&r=g","contentUrl":"https:\/\/secure.gravatar.com\/avatar\/f89fc234d866d7f5b7e26038f2295fff38a1a129e3e46048c2505dfc0dfc6fa3?s=96&d=mm&r=g","caption":"Andrej Bensack"},"url":"https:\/\/www.iral-gmbh.de\/magazin\/author\/andrej\/"}]}},"_links":{"self":[{"href":"https:\/\/www.iral-gmbh.de\/magazin\/wp-json\/wp\/v2\/posts\/183","targetHints":{"allow":["GET"]}}],"collection":[{"href":"https:\/\/www.iral-gmbh.de\/magazin\/wp-json\/wp\/v2\/posts"}],"about":[{"href":"https:\/\/www.iral-gmbh.de\/magazin\/wp-json\/wp\/v2\/types\/post"}],"author":[{"embeddable":true,"href":"https:\/\/www.iral-gmbh.de\/magazin\/wp-json\/wp\/v2\/users\/2"}],"replies":[{"embeddable":true,"href":"https:\/\/www.iral-gmbh.de\/magazin\/wp-json\/wp\/v2\/comments?post=183"}],"version-history":[{"count":1,"href":"https:\/\/www.iral-gmbh.de\/magazin\/wp-json\/wp\/v2\/posts\/183\/revisions"}],"predecessor-version":[{"id":184,"href":"https:\/\/www.iral-gmbh.de\/magazin\/wp-json\/wp\/v2\/posts\/183\/revisions\/184"}],"wp:attachment":[{"href":"https:\/\/www.iral-gmbh.de\/magazin\/wp-json\/wp\/v2\/media?parent=183"}],"wp:term":[{"taxonomy":"category","embeddable":true,"href":"https:\/\/www.iral-gmbh.de\/magazin\/wp-json\/wp\/v2\/categories?post=183"},{"taxonomy":"post_tag","embeddable":true,"href":"https:\/\/www.iral-gmbh.de\/magazin\/wp-json\/wp\/v2\/tags?post=183"}],"curies":[{"name":"wp","href":"https:\/\/api.w.org\/{rel}","templated":true}]}}