{"id":18,"date":"2022-04-01T15:44:47","date_gmt":"2022-04-01T13:44:47","guid":{"rendered":"https:\/\/www.iral-gmbh.de\/magazin\/?p=18"},"modified":"2022-04-21T12:38:41","modified_gmt":"2022-04-21T10:38:41","slug":"ab-ersten-januar-2022-neues-elektro-und-elektronikgeraetegesetz","status":"publish","type":"post","link":"https:\/\/www.iral-gmbh.de\/magazin\/2022\/04\/01\/ab-ersten-januar-2022-neues-elektro-und-elektronikgeraetegesetz\/","title":{"rendered":"Ab ersten Januar 2022 neues Elektro- und Elektronikger\u00e4tegesetz"},"content":{"rendered":"\n<p>Seit dem 1. Januar 2022 ist die Novelle des Elektro G3 sowie die BehandlungsVO in Kraft getreten. Gesetz und Verordnung kennen Sie gar nicht? Dann kl\u00e4ren wir Sie gerne auf.<\/p>\n\n\n\n<p>Im Sinne des Klima- und Umweltschutzes hat es sich der Gesetzgeber jetzt zur Aufgabe gemacht, das Netz an R\u00fcckgabestellen f\u00fcr Elektroschrott deutlich auszuweiten. Die Sammelquote von Elektroschrott ist noch immer zu gering, denn viele Verbraucher entsorgen Elektroaltger\u00e4te mangels Alternativen einfach \u00fcber die Restm\u00fclltonne. <a><\/a><\/p>\n\n\n\n<h2 class=\"wp-block-heading\"><strong>Das \u00e4ndert sich mit der Novellierung des Elektro G3 Gesetzes<\/strong><\/h2>\n\n\n\n<p>Die Neufassung des Elektro G3 Gesetzes sorgt daf\u00fcr, dass Erstbehandlungsanlagen ab dem 01.01.2022 als regul\u00e4re Annahmestellen fungieren d\u00fcrfen. Bisher mussten Dritte beauftragt werden, wenn Altger\u00e4te aus privaten Haushalten fachgerecht entsorgt werden sollten. Dies waren \u00fcblicherweise Vertreiber oder Hersteller sowie \u00f6ffentlich-rechtliche Entsorgungstr\u00e4ger.<\/p>\n\n\n\n<p>Damit es noch einfach f\u00fcr die Verbraucher wird, soll die Stiftung EAR ein spezielles Logo entwerfen, das k\u00fcnftig an allen Sammelstellen angebracht wird.<\/p>\n\n\n\n<h3 class=\"wp-block-heading\"><strong>R\u00fccknahmepflicht auf Lebensmittelh\u00e4ndler ausgeweitet<\/strong><\/h3>\n\n\n\n<p>Von den erweiterten R\u00fccknahmepflichten sind bald aber auch Lebensmittelh\u00e4ndler betroffen. Ab Juli 2022 m\u00fcssen sich ebenfalls die Gesch\u00e4fte mit der Altger\u00e4teentsorgung auseinandersetzen, deren Hauptgesch\u00e4ft im Lebensmittelbereich liegt. Da zahlreiche Superm\u00e4rkte immer wieder auch Elektrokleinger\u00e4te anbieten, sollten diese von der R\u00fccknahmepflicht keinesfalls ausgeschlossen werden.<\/p>\n\n\n\n<p>Die IRAL GmbH ist in puncto fachgerechter und unkomplizierter Entsorgung ein echtes Vorbild. Gut, wenn auch andere Unternehmen jetzt mitziehen und sich aktiv mit dem Thema Recycling auseinandersetzen.<\/p>\n","protected":false},"excerpt":{"rendered":"<p>Seit dem 1. Januar 2022 ist die Novelle des Elektro G3 sowie die BehandlungsVO in Kraft getreten. Gesetz und Verordnung kennen Sie gar nicht? Dann kl\u00e4ren wir Sie gerne auf. Im Sinne des Klima- und Umweltschutzes hat es sich der Gesetzgeber jetzt zur Aufgabe gemacht, das Netz an R\u00fcckgabestellen f\u00fcr [&hellip;]<\/p>\n","protected":false},"author":2,"featured_media":58,"comment_status":"open","ping_status":"open","sticky":false,"template":"","format":"standard","meta":{"footnotes":""},"categories":[3],"tags":[],"class_list":["post-18","post","type-post","status-publish","format-standard","has-post-thumbnail","hentry","category-news"],"yoast_head":"<!-- This site is optimized with the Yoast SEO plugin v18.5.1 - https:\/\/yoast.com\/wordpress\/plugins\/seo\/ -->\n<title>Ab ersten Januar 2022 neues Elektro- und Elektronikger\u00e4tegesetz<\/title>\n<meta name=\"robots\" content=\"index, follow, max-snippet:-1, max-image-preview:large, max-video-preview:-1\" \/>\n<link rel=\"canonical\" href=\"https:\/\/www.iral-gmbh.de\/magazin\/2022\/04\/01\/ab-ersten-januar-2022-neues-elektro-und-elektronikgeraetegesetz\/\" \/>\n<meta property=\"og:locale\" content=\"de_DE\" \/>\n<meta property=\"og:type\" content=\"article\" \/>\n<meta property=\"og:title\" content=\"Ab ersten Januar 2022 neues Elektro- und Elektronikger\u00e4tegesetz\" \/>\n<meta property=\"og:description\" content=\"Seit dem 1. Januar 2022 ist die Novelle des Elektro G3 sowie die BehandlungsVO in Kraft getreten. Gesetz und Verordnung kennen Sie gar nicht? Dann kl\u00e4ren wir Sie gerne auf. Im Sinne des Klima- und Umweltschutzes hat es sich der Gesetzgeber jetzt zur Aufgabe gemacht, das Netz an R\u00fcckgabestellen f\u00fcr [&hellip;]\" \/>\n<meta property=\"og:url\" content=\"https:\/\/www.iral-gmbh.de\/magazin\/2022\/04\/01\/ab-ersten-januar-2022-neues-elektro-und-elektronikgeraetegesetz\/\" \/>\n<meta property=\"og:site_name\" content=\"Magazin\" \/>\n<meta property=\"article:published_time\" content=\"2022-04-01T13:44:47+00:00\" \/>\n<meta property=\"article:modified_time\" content=\"2022-04-21T10:38:41+00:00\" \/>\n<meta property=\"og:image\" content=\"https:\/\/www.iral-gmbh.de\/magazin\/wp-content\/uploads\/2022\/04\/20200630_2869_A7D08060-scaled.jpg\" \/>\n\t<meta property=\"og:image:width\" content=\"2560\" \/>\n\t<meta property=\"og:image:height\" content=\"1707\" \/>\n\t<meta property=\"og:image:type\" content=\"image\/jpeg\" \/>\n<meta name=\"twitter:card\" content=\"summary_large_image\" \/>\n<meta name=\"twitter:label1\" content=\"Verfasst von\" \/>\n\t<meta name=\"twitter:data1\" content=\"Andrej Bensack\" \/>\n\t<meta name=\"twitter:label2\" content=\"Gesch\u00e4tzte Lesezeit\" \/>\n\t<meta name=\"twitter:data2\" content=\"2\u00a0Minuten\" \/>\n<script type=\"application\/ld+json\" class=\"yoast-schema-graph\">{\"@context\":\"https:\/\/schema.org\",\"@graph\":[{\"@type\":\"WebSite\",\"@id\":\"https:\/\/www.iral-gmbh.de\/magazin\/#website\",\"url\":\"https:\/\/www.iral-gmbh.de\/magazin\/\",\"name\":\"Magazin\",\"description\":\"Kostenlose Autoverwertung | Auto Entsorgen | IRAL GmbH\",\"potentialAction\":[{\"@type\":\"SearchAction\",\"target\":{\"@type\":\"EntryPoint\",\"urlTemplate\":\"https:\/\/www.iral-gmbh.de\/magazin\/?s={search_term_string}\"},\"query-input\":\"required name=search_term_string\"}],\"inLanguage\":\"de\"},{\"@type\":\"ImageObject\",\"@id\":\"https:\/\/www.iral-gmbh.de\/magazin\/2022\/04\/01\/ab-ersten-januar-2022-neues-elektro-und-elektronikgeraetegesetz\/#primaryimage\",\"inLanguage\":\"de\",\"url\":\"https:\/\/www.iral-gmbh.de\/magazin\/wp-content\/uploads\/2022\/04\/20200630_2869_A7D08060-scaled.jpg\",\"contentUrl\":\"https:\/\/www.iral-gmbh.de\/magazin\/wp-content\/uploads\/2022\/04\/20200630_2869_A7D08060-scaled.jpg\",\"width\":2560,\"height\":1707,\"caption\":\"Ab ersten Januar 2022 neues Elektro- und Elektronikger\u00e4tegesetz\"},{\"@type\":\"WebPage\",\"@id\":\"https:\/\/www.iral-gmbh.de\/magazin\/2022\/04\/01\/ab-ersten-januar-2022-neues-elektro-und-elektronikgeraetegesetz\/#webpage\",\"url\":\"https:\/\/www.iral-gmbh.de\/magazin\/2022\/04\/01\/ab-ersten-januar-2022-neues-elektro-und-elektronikgeraetegesetz\/\",\"name\":\"Ab ersten Januar 2022 neues Elektro- und Elektronikger\u00e4tegesetz\",\"isPartOf\":{\"@id\":\"https:\/\/www.iral-gmbh.de\/magazin\/#website\"},\"primaryImageOfPage\":{\"@id\":\"https:\/\/www.iral-gmbh.de\/magazin\/2022\/04\/01\/ab-ersten-januar-2022-neues-elektro-und-elektronikgeraetegesetz\/#primaryimage\"},\"datePublished\":\"2022-04-01T13:44:47+00:00\",\"dateModified\":\"2022-04-21T10:38:41+00:00\",\"author\":{\"@id\":\"https:\/\/www.iral-gmbh.de\/magazin\/#\/schema\/person\/34d3bfe0fddb1b67696b48f128a57f3d\"},\"breadcrumb\":{\"@id\":\"https:\/\/www.iral-gmbh.de\/magazin\/2022\/04\/01\/ab-ersten-januar-2022-neues-elektro-und-elektronikgeraetegesetz\/#breadcrumb\"},\"inLanguage\":\"de\",\"potentialAction\":[{\"@type\":\"ReadAction\",\"target\":[\"https:\/\/www.iral-gmbh.de\/magazin\/2022\/04\/01\/ab-ersten-januar-2022-neues-elektro-und-elektronikgeraetegesetz\/\"]}]},{\"@type\":\"BreadcrumbList\",\"@id\":\"https:\/\/www.iral-gmbh.de\/magazin\/2022\/04\/01\/ab-ersten-januar-2022-neues-elektro-und-elektronikgeraetegesetz\/#breadcrumb\",\"itemListElement\":[{\"@type\":\"ListItem\",\"position\":1,\"name\":\"Startseite\",\"item\":\"https:\/\/www.iral-gmbh.de\/magazin\/\"},{\"@type\":\"ListItem\",\"position\":2,\"name\":\"Ab ersten Januar 2022 neues Elektro- und Elektronikger\u00e4tegesetz\"}]},{\"@type\":\"Person\",\"@id\":\"https:\/\/www.iral-gmbh.de\/magazin\/#\/schema\/person\/34d3bfe0fddb1b67696b48f128a57f3d\",\"name\":\"Andrej Bensack\",\"image\":{\"@type\":\"ImageObject\",\"@id\":\"https:\/\/www.iral-gmbh.de\/magazin\/#personlogo\",\"inLanguage\":\"de\",\"url\":\"https:\/\/secure.gravatar.com\/avatar\/f89fc234d866d7f5b7e26038f2295fff38a1a129e3e46048c2505dfc0dfc6fa3?s=96&d=mm&r=g\",\"contentUrl\":\"https:\/\/secure.gravatar.com\/avatar\/f89fc234d866d7f5b7e26038f2295fff38a1a129e3e46048c2505dfc0dfc6fa3?s=96&d=mm&r=g\",\"caption\":\"Andrej Bensack\"},\"url\":\"https:\/\/www.iral-gmbh.de\/magazin\/author\/andrej\/\"}]}<\/script>\n<!-- \/ Yoast SEO plugin. -->","yoast_head_json":{"title":"Ab ersten Januar 2022 neues Elektro- und Elektronikger\u00e4tegesetz","robots":{"index":"index","follow":"follow","max-snippet":"max-snippet:-1","max-image-preview":"max-image-preview:large","max-video-preview":"max-video-preview:-1"},"canonical":"https:\/\/www.iral-gmbh.de\/magazin\/2022\/04\/01\/ab-ersten-januar-2022-neues-elektro-und-elektronikgeraetegesetz\/","og_locale":"de_DE","og_type":"article","og_title":"Ab ersten Januar 2022 neues Elektro- und Elektronikger\u00e4tegesetz","og_description":"Seit dem 1. Januar 2022 ist die Novelle des Elektro G3 sowie die BehandlungsVO in Kraft getreten. Gesetz und Verordnung kennen Sie gar nicht? Dann kl\u00e4ren wir Sie gerne auf. Im Sinne des Klima- und Umweltschutzes hat es sich der Gesetzgeber jetzt zur Aufgabe gemacht, das Netz an R\u00fcckgabestellen f\u00fcr [&hellip;]","og_url":"https:\/\/www.iral-gmbh.de\/magazin\/2022\/04\/01\/ab-ersten-januar-2022-neues-elektro-und-elektronikgeraetegesetz\/","og_site_name":"Magazin","article_published_time":"2022-04-01T13:44:47+00:00","article_modified_time":"2022-04-21T10:38:41+00:00","og_image":[{"width":2560,"height":1707,"url":"https:\/\/www.iral-gmbh.de\/magazin\/wp-content\/uploads\/2022\/04\/20200630_2869_A7D08060-scaled.jpg","type":"image\/jpeg"}],"twitter_card":"summary_large_image","twitter_misc":{"Verfasst von":"Andrej Bensack","Gesch\u00e4tzte Lesezeit":"2\u00a0Minuten"},"schema":{"@context":"https:\/\/schema.org","@graph":[{"@type":"WebSite","@id":"https:\/\/www.iral-gmbh.de\/magazin\/#website","url":"https:\/\/www.iral-gmbh.de\/magazin\/","name":"Magazin","description":"Kostenlose Autoverwertung | Auto Entsorgen | IRAL GmbH","potentialAction":[{"@type":"SearchAction","target":{"@type":"EntryPoint","urlTemplate":"https:\/\/www.iral-gmbh.de\/magazin\/?s={search_term_string}"},"query-input":"required name=search_term_string"}],"inLanguage":"de"},{"@type":"ImageObject","@id":"https:\/\/www.iral-gmbh.de\/magazin\/2022\/04\/01\/ab-ersten-januar-2022-neues-elektro-und-elektronikgeraetegesetz\/#primaryimage","inLanguage":"de","url":"https:\/\/www.iral-gmbh.de\/magazin\/wp-content\/uploads\/2022\/04\/20200630_2869_A7D08060-scaled.jpg","contentUrl":"https:\/\/www.iral-gmbh.de\/magazin\/wp-content\/uploads\/2022\/04\/20200630_2869_A7D08060-scaled.jpg","width":2560,"height":1707,"caption":"Ab ersten Januar 2022 neues Elektro- und Elektronikger\u00e4tegesetz"},{"@type":"WebPage","@id":"https:\/\/www.iral-gmbh.de\/magazin\/2022\/04\/01\/ab-ersten-januar-2022-neues-elektro-und-elektronikgeraetegesetz\/#webpage","url":"https:\/\/www.iral-gmbh.de\/magazin\/2022\/04\/01\/ab-ersten-januar-2022-neues-elektro-und-elektronikgeraetegesetz\/","name":"Ab ersten Januar 2022 neues Elektro- und Elektronikger\u00e4tegesetz","isPartOf":{"@id":"https:\/\/www.iral-gmbh.de\/magazin\/#website"},"primaryImageOfPage":{"@id":"https:\/\/www.iral-gmbh.de\/magazin\/2022\/04\/01\/ab-ersten-januar-2022-neues-elektro-und-elektronikgeraetegesetz\/#primaryimage"},"datePublished":"2022-04-01T13:44:47+00:00","dateModified":"2022-04-21T10:38:41+00:00","author":{"@id":"https:\/\/www.iral-gmbh.de\/magazin\/#\/schema\/person\/34d3bfe0fddb1b67696b48f128a57f3d"},"breadcrumb":{"@id":"https:\/\/www.iral-gmbh.de\/magazin\/2022\/04\/01\/ab-ersten-januar-2022-neues-elektro-und-elektronikgeraetegesetz\/#breadcrumb"},"inLanguage":"de","potentialAction":[{"@type":"ReadAction","target":["https:\/\/www.iral-gmbh.de\/magazin\/2022\/04\/01\/ab-ersten-januar-2022-neues-elektro-und-elektronikgeraetegesetz\/"]}]},{"@type":"BreadcrumbList","@id":"https:\/\/www.iral-gmbh.de\/magazin\/2022\/04\/01\/ab-ersten-januar-2022-neues-elektro-und-elektronikgeraetegesetz\/#breadcrumb","itemListElement":[{"@type":"ListItem","position":1,"name":"Startseite","item":"https:\/\/www.iral-gmbh.de\/magazin\/"},{"@type":"ListItem","position":2,"name":"Ab ersten Januar 2022 neues Elektro- und Elektronikger\u00e4tegesetz"}]},{"@type":"Person","@id":"https:\/\/www.iral-gmbh.de\/magazin\/#\/schema\/person\/34d3bfe0fddb1b67696b48f128a57f3d","name":"Andrej Bensack","image":{"@type":"ImageObject","@id":"https:\/\/www.iral-gmbh.de\/magazin\/#personlogo","inLanguage":"de","url":"https:\/\/secure.gravatar.com\/avatar\/f89fc234d866d7f5b7e26038f2295fff38a1a129e3e46048c2505dfc0dfc6fa3?s=96&d=mm&r=g","contentUrl":"https:\/\/secure.gravatar.com\/avatar\/f89fc234d866d7f5b7e26038f2295fff38a1a129e3e46048c2505dfc0dfc6fa3?s=96&d=mm&r=g","caption":"Andrej Bensack"},"url":"https:\/\/www.iral-gmbh.de\/magazin\/author\/andrej\/"}]}},"_links":{"self":[{"href":"https:\/\/www.iral-gmbh.de\/magazin\/wp-json\/wp\/v2\/posts\/18","targetHints":{"allow":["GET"]}}],"collection":[{"href":"https:\/\/www.iral-gmbh.de\/magazin\/wp-json\/wp\/v2\/posts"}],"about":[{"href":"https:\/\/www.iral-gmbh.de\/magazin\/wp-json\/wp\/v2\/types\/post"}],"author":[{"embeddable":true,"href":"https:\/\/www.iral-gmbh.de\/magazin\/wp-json\/wp\/v2\/users\/2"}],"replies":[{"embeddable":true,"href":"https:\/\/www.iral-gmbh.de\/magazin\/wp-json\/wp\/v2\/comments?post=18"}],"version-history":[{"count":1,"href":"https:\/\/www.iral-gmbh.de\/magazin\/wp-json\/wp\/v2\/posts\/18\/revisions"}],"predecessor-version":[{"id":20,"href":"https:\/\/www.iral-gmbh.de\/magazin\/wp-json\/wp\/v2\/posts\/18\/revisions\/20"}],"wp:featuredmedia":[{"embeddable":true,"href":"https:\/\/www.iral-gmbh.de\/magazin\/wp-json\/wp\/v2\/media\/58"}],"wp:attachment":[{"href":"https:\/\/www.iral-gmbh.de\/magazin\/wp-json\/wp\/v2\/media?parent=18"}],"wp:term":[{"taxonomy":"category","embeddable":true,"href":"https:\/\/www.iral-gmbh.de\/magazin\/wp-json\/wp\/v2\/categories?post=18"},{"taxonomy":"post_tag","embeddable":true,"href":"https:\/\/www.iral-gmbh.de\/magazin\/wp-json\/wp\/v2\/tags?post=18"}],"curies":[{"name":"wp","href":"https:\/\/api.w.org\/{rel}","templated":true}]}}