{"id":163,"date":"2023-10-31T14:26:44","date_gmt":"2023-10-31T13:26:44","guid":{"rendered":"https:\/\/www.iral-gmbh.de\/magazin\/?p=163"},"modified":"2023-10-31T14:26:46","modified_gmt":"2023-10-31T13:26:46","slug":"gleichwerte-anerkennung-beim-recycling-ab-2030-gefordert","status":"publish","type":"post","link":"https:\/\/www.iral-gmbh.de\/magazin\/2023\/10\/31\/gleichwerte-anerkennung-beim-recycling-ab-2030-gefordert\/","title":{"rendered":"Gleichwerte Anerkennung beim Recycling ab 2030 gefordert"},"content":{"rendered":"\n<p>NRW, in Sachen Kunststoffverarbeitung eines der f\u00fchrenden Bundesl\u00e4nder, hat Vertreter sowohl der mechanischen als auch der chemischen Industrie zusammengebracht, um das Kaskadenmodell der Kreislaufwirtschaft zu f\u00f6rdern. Die Sprecher beider Seiten fordern die gleichwertige Anerkennung der sogenannten Rezyklat Quoten sp\u00e4testens ab dem Jahr 2030.<\/p>\n\n\n\n<h2 class=\"wp-block-heading\"><strong>Gemeinsames Positionspapier soll Nachhaltigkeit verbessern<\/strong><\/h2>\n\n\n\n<p>Obwohl die Methoden des mechanischen Recyclings von Abf\u00e4llen aus der Kunststoffindustrie die der chemischen Wiederaufbereitung sinnvoll erg\u00e4nzen, gibt es bis dato keine einheitlichen Auffassungen hinsichtlich der Anerkennung von Recyclingquoten, welche in der Verpackungsverordnung fixiert sind. Nun konnten sich die einzelnen Akteure beider Gesch\u00e4ftsbereiche jedoch erstmals auf ein gemeinsames Positionspapier verst\u00e4ndigen. Aus Gr\u00fcnden der Nachhaltigkeit sollen Kunststoffe bald deutlich st\u00e4rker in den Kreislauf eingebunden werden. Das Problem dabei ist jedoch, dass vor allem gemischte und\/oder verunreinigte Kunststoffe nicht mechanisch recycled werden k\u00f6nnen, sondern aktuell noch vorwiegend thermische Verwertung finden. Eine deutlich \u00f6kologischere Alternative stellt hingegen das chemische Recycling dar.<\/p>\n\n\n\n<h2 class=\"wp-block-heading\"><strong>Chemisches Recycling \u2013 Erprobungsphase l\u00e4uft an<\/strong><\/h2>\n\n\n\n<p>Weltweit investieren Unternehmen riesige Betr\u00e4ge in chemisches Recycling. Diverse Anlagen werden getestet, um diese auf einen effizienten Ma\u00dfstab zu skalieren. Doch viele der Testanlagen befinden sich im Ausland. Aus diesem Grund setzt sich die Lobby \u201eKunststoffland NRW\u201c gezielt daf\u00fcr ein, dass Investitionen umgelagert und vor allem auch nach Deutschland flie\u00dfen.<\/p>\n\n\n\n<blockquote class=\"wp-block-quote is-layout-flow wp-block-quote-is-layout-flow\">\n<p>Besonders in NRW sind zahlreiche Unternehmen im Kunststoffsektor angesiedelt. Entsprechend hoch ist das Abfallaufkommen in Nordrhein-Westfalen.<\/p>\n<\/blockquote>\n\n\n\n<h3 class=\"wp-block-heading\">Beide Recyclingmethoden<\/h3>\n\n\n\n<p>\u201eKunststoffland NRW\u201c pl\u00e4diert in seinen Entw\u00fcrfen daf\u00fcr, beide Fraktionen zusammenzuf\u00fchren und die jeweiligen Methoden gleichwertig nebeneinander zu positionieren<a><\/a>.<\/p>\n\n\n\n<p>Doch an dieser Stelle muss auch darauf hingewiesen werden, dass ein chemisches Recycling das mechanische grundlegend beeintr\u00e4chtigen k\u00f6nnte \u2013 und dies vor allem dann, wenn es um Verpackungsabf\u00e4lle geht. Die Lobby von \u201eKunststoffland NRW\u201c schl\u00e4gt deshalb vor, die im Verpackungsgesetz fixierten Quoten f\u00fcr ein werkstoffliches Recycling bis zum Jahr 2030 fortzuschreiben. Das chemische Recycling erhalte w\u00e4hrend dieser Zeitspanne eine separate Quote, um nicht benachteiligt zu werden. Ab 2030 soll es dann einheitliche Quotierungen geben.<\/p>\n","protected":false},"excerpt":{"rendered":"<p>NRW, in Sachen Kunststoffverarbeitung eines der f\u00fchrenden Bundesl\u00e4nder, hat Vertreter sowohl der mechanischen als auch der chemischen Industrie zusammengebracht, um das Kaskadenmodell der Kreislaufwirtschaft zu f\u00f6rdern. Die Sprecher beider Seiten fordern die gleichwertige Anerkennung der sogenannten Rezyklat Quoten sp\u00e4testens ab dem Jahr 2030. Gemeinsames Positionspapier soll Nachhaltigkeit verbessern Obwohl die [&hellip;]<\/p>\n","protected":false},"author":2,"featured_media":164,"comment_status":"open","ping_status":"open","sticky":false,"template":"","format":"standard","meta":{"footnotes":""},"categories":[1,3],"tags":[],"class_list":["post-163","post","type-post","status-publish","format-standard","has-post-thumbnail","hentry","category-allgemein","category-news"],"yoast_head":"<!-- This site is optimized with the Yoast SEO plugin v18.5.1 - https:\/\/yoast.com\/wordpress\/plugins\/seo\/ -->\n<title>Gleichwerte Anerkennung beim Recycling ab 2030 gefordert<\/title>\n<meta name=\"robots\" content=\"index, follow, max-snippet:-1, max-image-preview:large, max-video-preview:-1\" \/>\n<link rel=\"canonical\" href=\"https:\/\/www.iral-gmbh.de\/magazin\/2023\/10\/31\/gleichwerte-anerkennung-beim-recycling-ab-2030-gefordert\/\" \/>\n<meta property=\"og:locale\" content=\"de_DE\" \/>\n<meta property=\"og:type\" content=\"article\" \/>\n<meta property=\"og:title\" content=\"Gleichwerte Anerkennung beim Recycling ab 2030 gefordert\" \/>\n<meta property=\"og:description\" content=\"NRW, in Sachen Kunststoffverarbeitung eines der f\u00fchrenden Bundesl\u00e4nder, hat Vertreter sowohl der mechanischen als auch der chemischen Industrie zusammengebracht, um das Kaskadenmodell der Kreislaufwirtschaft zu f\u00f6rdern. Die Sprecher beider Seiten fordern die gleichwertige Anerkennung der sogenannten Rezyklat Quoten sp\u00e4testens ab dem Jahr 2030. Gemeinsames Positionspapier soll Nachhaltigkeit verbessern Obwohl die [&hellip;]\" \/>\n<meta property=\"og:url\" content=\"https:\/\/www.iral-gmbh.de\/magazin\/2023\/10\/31\/gleichwerte-anerkennung-beim-recycling-ab-2030-gefordert\/\" \/>\n<meta property=\"og:site_name\" content=\"Magazin\" \/>\n<meta property=\"article:published_time\" content=\"2023-10-31T13:26:44+00:00\" \/>\n<meta property=\"article:modified_time\" content=\"2023-10-31T13:26:46+00:00\" \/>\n<meta property=\"og:image\" content=\"https:\/\/www.iral-gmbh.de\/magazin\/wp-content\/uploads\/2023\/10\/20200630_2978_A7D08169-scaled.jpg\" \/>\n\t<meta property=\"og:image:width\" content=\"2560\" \/>\n\t<meta property=\"og:image:height\" content=\"1707\" \/>\n\t<meta property=\"og:image:type\" content=\"image\/jpeg\" \/>\n<meta name=\"twitter:card\" content=\"summary_large_image\" \/>\n<meta name=\"twitter:label1\" content=\"Verfasst von\" \/>\n\t<meta name=\"twitter:data1\" content=\"Andrej Bensack\" \/>\n\t<meta name=\"twitter:label2\" content=\"Gesch\u00e4tzte Lesezeit\" \/>\n\t<meta name=\"twitter:data2\" content=\"2\u00a0Minuten\" \/>\n<script type=\"application\/ld+json\" class=\"yoast-schema-graph\">{\"@context\":\"https:\/\/schema.org\",\"@graph\":[{\"@type\":\"WebSite\",\"@id\":\"https:\/\/www.iral-gmbh.de\/magazin\/#website\",\"url\":\"https:\/\/www.iral-gmbh.de\/magazin\/\",\"name\":\"Magazin\",\"description\":\"Kostenlose Autoverwertung | Auto Entsorgen | IRAL GmbH\",\"potentialAction\":[{\"@type\":\"SearchAction\",\"target\":{\"@type\":\"EntryPoint\",\"urlTemplate\":\"https:\/\/www.iral-gmbh.de\/magazin\/?s={search_term_string}\"},\"query-input\":\"required name=search_term_string\"}],\"inLanguage\":\"de\"},{\"@type\":\"ImageObject\",\"@id\":\"https:\/\/www.iral-gmbh.de\/magazin\/2023\/10\/31\/gleichwerte-anerkennung-beim-recycling-ab-2030-gefordert\/#primaryimage\",\"inLanguage\":\"de\",\"url\":\"https:\/\/www.iral-gmbh.de\/magazin\/wp-content\/uploads\/2023\/10\/20200630_2978_A7D08169-scaled.jpg\",\"contentUrl\":\"https:\/\/www.iral-gmbh.de\/magazin\/wp-content\/uploads\/2023\/10\/20200630_2978_A7D08169-scaled.jpg\",\"width\":2560,\"height\":1707,\"caption\":\"Recyclingmethoden\"},{\"@type\":\"WebPage\",\"@id\":\"https:\/\/www.iral-gmbh.de\/magazin\/2023\/10\/31\/gleichwerte-anerkennung-beim-recycling-ab-2030-gefordert\/#webpage\",\"url\":\"https:\/\/www.iral-gmbh.de\/magazin\/2023\/10\/31\/gleichwerte-anerkennung-beim-recycling-ab-2030-gefordert\/\",\"name\":\"Gleichwerte Anerkennung beim Recycling ab 2030 gefordert\",\"isPartOf\":{\"@id\":\"https:\/\/www.iral-gmbh.de\/magazin\/#website\"},\"primaryImageOfPage\":{\"@id\":\"https:\/\/www.iral-gmbh.de\/magazin\/2023\/10\/31\/gleichwerte-anerkennung-beim-recycling-ab-2030-gefordert\/#primaryimage\"},\"datePublished\":\"2023-10-31T13:26:44+00:00\",\"dateModified\":\"2023-10-31T13:26:46+00:00\",\"author\":{\"@id\":\"https:\/\/www.iral-gmbh.de\/magazin\/#\/schema\/person\/34d3bfe0fddb1b67696b48f128a57f3d\"},\"breadcrumb\":{\"@id\":\"https:\/\/www.iral-gmbh.de\/magazin\/2023\/10\/31\/gleichwerte-anerkennung-beim-recycling-ab-2030-gefordert\/#breadcrumb\"},\"inLanguage\":\"de\",\"potentialAction\":[{\"@type\":\"ReadAction\",\"target\":[\"https:\/\/www.iral-gmbh.de\/magazin\/2023\/10\/31\/gleichwerte-anerkennung-beim-recycling-ab-2030-gefordert\/\"]}]},{\"@type\":\"BreadcrumbList\",\"@id\":\"https:\/\/www.iral-gmbh.de\/magazin\/2023\/10\/31\/gleichwerte-anerkennung-beim-recycling-ab-2030-gefordert\/#breadcrumb\",\"itemListElement\":[{\"@type\":\"ListItem\",\"position\":1,\"name\":\"Startseite\",\"item\":\"https:\/\/www.iral-gmbh.de\/magazin\/\"},{\"@type\":\"ListItem\",\"position\":2,\"name\":\"Gleichwerte Anerkennung beim Recycling ab 2030 gefordert\"}]},{\"@type\":\"Person\",\"@id\":\"https:\/\/www.iral-gmbh.de\/magazin\/#\/schema\/person\/34d3bfe0fddb1b67696b48f128a57f3d\",\"name\":\"Andrej Bensack\",\"image\":{\"@type\":\"ImageObject\",\"@id\":\"https:\/\/www.iral-gmbh.de\/magazin\/#personlogo\",\"inLanguage\":\"de\",\"url\":\"https:\/\/secure.gravatar.com\/avatar\/f89fc234d866d7f5b7e26038f2295fff38a1a129e3e46048c2505dfc0dfc6fa3?s=96&d=mm&r=g\",\"contentUrl\":\"https:\/\/secure.gravatar.com\/avatar\/f89fc234d866d7f5b7e26038f2295fff38a1a129e3e46048c2505dfc0dfc6fa3?s=96&d=mm&r=g\",\"caption\":\"Andrej Bensack\"},\"url\":\"https:\/\/www.iral-gmbh.de\/magazin\/author\/andrej\/\"}]}<\/script>\n<!-- \/ Yoast SEO plugin. -->","yoast_head_json":{"title":"Gleichwerte Anerkennung beim Recycling ab 2030 gefordert","robots":{"index":"index","follow":"follow","max-snippet":"max-snippet:-1","max-image-preview":"max-image-preview:large","max-video-preview":"max-video-preview:-1"},"canonical":"https:\/\/www.iral-gmbh.de\/magazin\/2023\/10\/31\/gleichwerte-anerkennung-beim-recycling-ab-2030-gefordert\/","og_locale":"de_DE","og_type":"article","og_title":"Gleichwerte Anerkennung beim Recycling ab 2030 gefordert","og_description":"NRW, in Sachen Kunststoffverarbeitung eines der f\u00fchrenden Bundesl\u00e4nder, hat Vertreter sowohl der mechanischen als auch der chemischen Industrie zusammengebracht, um das Kaskadenmodell der Kreislaufwirtschaft zu f\u00f6rdern. Die Sprecher beider Seiten fordern die gleichwertige Anerkennung der sogenannten Rezyklat Quoten sp\u00e4testens ab dem Jahr 2030. Gemeinsames Positionspapier soll Nachhaltigkeit verbessern Obwohl die [&hellip;]","og_url":"https:\/\/www.iral-gmbh.de\/magazin\/2023\/10\/31\/gleichwerte-anerkennung-beim-recycling-ab-2030-gefordert\/","og_site_name":"Magazin","article_published_time":"2023-10-31T13:26:44+00:00","article_modified_time":"2023-10-31T13:26:46+00:00","og_image":[{"width":2560,"height":1707,"url":"https:\/\/www.iral-gmbh.de\/magazin\/wp-content\/uploads\/2023\/10\/20200630_2978_A7D08169-scaled.jpg","type":"image\/jpeg"}],"twitter_card":"summary_large_image","twitter_misc":{"Verfasst von":"Andrej Bensack","Gesch\u00e4tzte Lesezeit":"2\u00a0Minuten"},"schema":{"@context":"https:\/\/schema.org","@graph":[{"@type":"WebSite","@id":"https:\/\/www.iral-gmbh.de\/magazin\/#website","url":"https:\/\/www.iral-gmbh.de\/magazin\/","name":"Magazin","description":"Kostenlose Autoverwertung | Auto Entsorgen | IRAL GmbH","potentialAction":[{"@type":"SearchAction","target":{"@type":"EntryPoint","urlTemplate":"https:\/\/www.iral-gmbh.de\/magazin\/?s={search_term_string}"},"query-input":"required name=search_term_string"}],"inLanguage":"de"},{"@type":"ImageObject","@id":"https:\/\/www.iral-gmbh.de\/magazin\/2023\/10\/31\/gleichwerte-anerkennung-beim-recycling-ab-2030-gefordert\/#primaryimage","inLanguage":"de","url":"https:\/\/www.iral-gmbh.de\/magazin\/wp-content\/uploads\/2023\/10\/20200630_2978_A7D08169-scaled.jpg","contentUrl":"https:\/\/www.iral-gmbh.de\/magazin\/wp-content\/uploads\/2023\/10\/20200630_2978_A7D08169-scaled.jpg","width":2560,"height":1707,"caption":"Recyclingmethoden"},{"@type":"WebPage","@id":"https:\/\/www.iral-gmbh.de\/magazin\/2023\/10\/31\/gleichwerte-anerkennung-beim-recycling-ab-2030-gefordert\/#webpage","url":"https:\/\/www.iral-gmbh.de\/magazin\/2023\/10\/31\/gleichwerte-anerkennung-beim-recycling-ab-2030-gefordert\/","name":"Gleichwerte Anerkennung beim Recycling ab 2030 gefordert","isPartOf":{"@id":"https:\/\/www.iral-gmbh.de\/magazin\/#website"},"primaryImageOfPage":{"@id":"https:\/\/www.iral-gmbh.de\/magazin\/2023\/10\/31\/gleichwerte-anerkennung-beim-recycling-ab-2030-gefordert\/#primaryimage"},"datePublished":"2023-10-31T13:26:44+00:00","dateModified":"2023-10-31T13:26:46+00:00","author":{"@id":"https:\/\/www.iral-gmbh.de\/magazin\/#\/schema\/person\/34d3bfe0fddb1b67696b48f128a57f3d"},"breadcrumb":{"@id":"https:\/\/www.iral-gmbh.de\/magazin\/2023\/10\/31\/gleichwerte-anerkennung-beim-recycling-ab-2030-gefordert\/#breadcrumb"},"inLanguage":"de","potentialAction":[{"@type":"ReadAction","target":["https:\/\/www.iral-gmbh.de\/magazin\/2023\/10\/31\/gleichwerte-anerkennung-beim-recycling-ab-2030-gefordert\/"]}]},{"@type":"BreadcrumbList","@id":"https:\/\/www.iral-gmbh.de\/magazin\/2023\/10\/31\/gleichwerte-anerkennung-beim-recycling-ab-2030-gefordert\/#breadcrumb","itemListElement":[{"@type":"ListItem","position":1,"name":"Startseite","item":"https:\/\/www.iral-gmbh.de\/magazin\/"},{"@type":"ListItem","position":2,"name":"Gleichwerte Anerkennung beim Recycling ab 2030 gefordert"}]},{"@type":"Person","@id":"https:\/\/www.iral-gmbh.de\/magazin\/#\/schema\/person\/34d3bfe0fddb1b67696b48f128a57f3d","name":"Andrej Bensack","image":{"@type":"ImageObject","@id":"https:\/\/www.iral-gmbh.de\/magazin\/#personlogo","inLanguage":"de","url":"https:\/\/secure.gravatar.com\/avatar\/f89fc234d866d7f5b7e26038f2295fff38a1a129e3e46048c2505dfc0dfc6fa3?s=96&d=mm&r=g","contentUrl":"https:\/\/secure.gravatar.com\/avatar\/f89fc234d866d7f5b7e26038f2295fff38a1a129e3e46048c2505dfc0dfc6fa3?s=96&d=mm&r=g","caption":"Andrej Bensack"},"url":"https:\/\/www.iral-gmbh.de\/magazin\/author\/andrej\/"}]}},"_links":{"self":[{"href":"https:\/\/www.iral-gmbh.de\/magazin\/wp-json\/wp\/v2\/posts\/163","targetHints":{"allow":["GET"]}}],"collection":[{"href":"https:\/\/www.iral-gmbh.de\/magazin\/wp-json\/wp\/v2\/posts"}],"about":[{"href":"https:\/\/www.iral-gmbh.de\/magazin\/wp-json\/wp\/v2\/types\/post"}],"author":[{"embeddable":true,"href":"https:\/\/www.iral-gmbh.de\/magazin\/wp-json\/wp\/v2\/users\/2"}],"replies":[{"embeddable":true,"href":"https:\/\/www.iral-gmbh.de\/magazin\/wp-json\/wp\/v2\/comments?post=163"}],"version-history":[{"count":1,"href":"https:\/\/www.iral-gmbh.de\/magazin\/wp-json\/wp\/v2\/posts\/163\/revisions"}],"predecessor-version":[{"id":165,"href":"https:\/\/www.iral-gmbh.de\/magazin\/wp-json\/wp\/v2\/posts\/163\/revisions\/165"}],"wp:featuredmedia":[{"embeddable":true,"href":"https:\/\/www.iral-gmbh.de\/magazin\/wp-json\/wp\/v2\/media\/164"}],"wp:attachment":[{"href":"https:\/\/www.iral-gmbh.de\/magazin\/wp-json\/wp\/v2\/media?parent=163"}],"wp:term":[{"taxonomy":"category","embeddable":true,"href":"https:\/\/www.iral-gmbh.de\/magazin\/wp-json\/wp\/v2\/categories?post=163"},{"taxonomy":"post_tag","embeddable":true,"href":"https:\/\/www.iral-gmbh.de\/magazin\/wp-json\/wp\/v2\/tags?post=163"}],"curies":[{"name":"wp","href":"https:\/\/api.w.org\/{rel}","templated":true}]}}