{"id":161,"date":"2023-10-31T14:22:21","date_gmt":"2023-10-31T13:22:21","guid":{"rendered":"https:\/\/www.iral-gmbh.de\/magazin\/?p=161"},"modified":"2023-10-31T14:22:23","modified_gmt":"2023-10-31T13:22:23","slug":"autonomes-fahren-die-ersten-deutschen-grossstaedte-setzen-akzente","status":"publish","type":"post","link":"https:\/\/www.iral-gmbh.de\/magazin\/2023\/10\/31\/autonomes-fahren-die-ersten-deutschen-grossstaedte-setzen-akzente\/","title":{"rendered":"Autonomes Fahren \u2013 die ersten deutschen Gro\u00dfst\u00e4dte setzen Akzente"},"content":{"rendered":"\n<p>Kann autonomes Fahren der Verkehrswende den n\u00f6tigen Push geben? Die Gro\u00dfst\u00e4dte Hamburg und Berlin setzen jetzt Akzente und gehen mit Pilotprojekten an den Start. Zwar sind andere L\u00e4nder schon wesentlich weiter, Deutschland l\u00e4sst sich jedoch nicht hetzen, setzt stattdessen auf l\u00e4ngere Versuchsphasen und nachhaltige Tests.<\/p>\n\n\n\n<p>Ob Busse, Shuttles oder Autos \u2013 autonome Fahrzeuge gelten als Booster f\u00fcr den Nahverkehr der Zukunft. Selbstfahrende Vehikel sollen den \u00d6PNV deutlich attraktiver machen, zus\u00e4tzliche Bedarfshaltepunkte ansteuern und den Fahrgast bestenfalls schon nahe der Haust\u00fcre aufnehmen k\u00f6nnen. Dazu sollen die einzelnen Linien mit dichteren Taktzeiten betrieben werden.<\/p>\n\n\n\n<h2 class=\"wp-block-heading\"><strong>Berlin startet mit NoWeL4<\/strong><\/h2>\n\n\n\n<p>Rund drei Jahre soll die Versuchsphase des Projektes NoWeLa in Berlin dauern. Auf rund 15 Quadratkilometern Fl\u00e4che im Norden der Hauptstadt fahren vollautomatische und bedarfsgesteuerte Shuttlebusse im gro\u00dfen Ma\u00dfstab. Nach der, ganze sechs Jahre dauernden, Testphase mit sogenannten Peoplemovern, selbstfahrenden, sechssitzigen Fahrzeugen, macht Berlin nun einen weiteren Schritt in Richtung autonomes Fahren. K\u00fcnftig sollen 13 Shuttles plus ein zw\u00f6lf Meter langer Elektrobus zum Einsatz kommen. Das von den Berliner Verkehrsbetrieben (BVG) ins Leben gerufene und \u00fcberwachte Projekt, welches bis dato rund 20 Millionen Euro kosten soll, wird vom Bundesverkehrsministerium mit rund 10 Millionen Euro gef\u00f6rdert.<\/p>\n\n\n\n<h2 class=\"wp-block-heading\"><strong>Hamburger in Sachen autonomes Fahren noch ambitionierter<\/strong><\/h2>\n\n\n\n<p>Auch Hamburg hat zahlreiche Visionen, was das autonome Fahren betrifft. In der norddeutschen Metropole geht man sogar noch einen Schritt weiter als in Berlin und m\u00f6chte den \u00d6PNV bis Ende des Jahrzehnts sogar bis auf 10.000 autonom fahrende Shuttles erweitern.<\/p>\n\n\n\n<p>Bereits Anfang 2022 wurde die Gro\u00dfstadt an der Alster von der st\u00e4dtischen Verkehrsbeh\u00f6rde sowie vom Bundesverkehrsministerium zur Mobilit\u00e4t-Modellregion erkl\u00e4rt. Die Testphase, die mit f\u00fcnf Shuttles des renommierten Herstellers Holon absolviert werden kann, beginnt Anfang des Jahres 2024 und soll den gesamten Innenstadtbereich umfassen. Ein weiterer Anbieter wird das Unternehmen Moia, eine Tochter des Volkswagenkonzerns, sein.<\/p>\n\n\n\n<p>In den autonomen Bussen von Holon haben bis zu 15 Fahrg\u00e4ste Platz. Fahrten sollen on demand, sprich auf Abruf, stattfinden. Interessierte Fahrg\u00e4ste haben dabei die M\u00f6glichkeit, die autonom fahrenden Busse mittels einfach zu bedienender App zu ordern.<\/p>\n","protected":false},"excerpt":{"rendered":"<p>Kann autonomes Fahren der Verkehrswende den n\u00f6tigen Push geben? Die Gro\u00dfst\u00e4dte Hamburg und Berlin setzen jetzt Akzente und gehen mit Pilotprojekten an den Start. Zwar sind andere L\u00e4nder schon wesentlich weiter, Deutschland l\u00e4sst sich jedoch nicht hetzen, setzt stattdessen auf l\u00e4ngere Versuchsphasen und nachhaltige Tests. Ob Busse, Shuttles oder Autos [&hellip;]<\/p>\n","protected":false},"author":2,"featured_media":0,"comment_status":"open","ping_status":"open","sticky":false,"template":"","format":"standard","meta":{"footnotes":""},"categories":[3],"tags":[],"class_list":["post-161","post","type-post","status-publish","format-standard","hentry","category-news"],"yoast_head":"<!-- This site is optimized with the Yoast SEO plugin v18.5.1 - https:\/\/yoast.com\/wordpress\/plugins\/seo\/ -->\n<title>Autonomes Fahren \u2013 die ersten deutschen Gro\u00dfst\u00e4dte setzen Akzente<\/title>\n<meta name=\"robots\" content=\"index, follow, max-snippet:-1, max-image-preview:large, max-video-preview:-1\" \/>\n<link rel=\"canonical\" href=\"https:\/\/www.iral-gmbh.de\/magazin\/2023\/10\/31\/autonomes-fahren-die-ersten-deutschen-grossstaedte-setzen-akzente\/\" \/>\n<meta property=\"og:locale\" content=\"de_DE\" \/>\n<meta property=\"og:type\" content=\"article\" \/>\n<meta property=\"og:title\" content=\"Autonomes Fahren \u2013 die ersten deutschen Gro\u00dfst\u00e4dte setzen Akzente\" \/>\n<meta property=\"og:description\" content=\"Kann autonomes Fahren der Verkehrswende den n\u00f6tigen Push geben? Die Gro\u00dfst\u00e4dte Hamburg und Berlin setzen jetzt Akzente und gehen mit Pilotprojekten an den Start. Zwar sind andere L\u00e4nder schon wesentlich weiter, Deutschland l\u00e4sst sich jedoch nicht hetzen, setzt stattdessen auf l\u00e4ngere Versuchsphasen und nachhaltige Tests. Ob Busse, Shuttles oder Autos [&hellip;]\" \/>\n<meta property=\"og:url\" content=\"https:\/\/www.iral-gmbh.de\/magazin\/2023\/10\/31\/autonomes-fahren-die-ersten-deutschen-grossstaedte-setzen-akzente\/\" \/>\n<meta property=\"og:site_name\" content=\"Magazin\" \/>\n<meta property=\"article:published_time\" content=\"2023-10-31T13:22:21+00:00\" \/>\n<meta property=\"article:modified_time\" content=\"2023-10-31T13:22:23+00:00\" \/>\n<meta name=\"twitter:card\" content=\"summary_large_image\" \/>\n<meta name=\"twitter:label1\" content=\"Verfasst von\" \/>\n\t<meta name=\"twitter:data1\" content=\"Andrej Bensack\" \/>\n\t<meta name=\"twitter:label2\" content=\"Gesch\u00e4tzte Lesezeit\" \/>\n\t<meta name=\"twitter:data2\" content=\"2\u00a0Minuten\" \/>\n<script type=\"application\/ld+json\" class=\"yoast-schema-graph\">{\"@context\":\"https:\/\/schema.org\",\"@graph\":[{\"@type\":\"WebSite\",\"@id\":\"https:\/\/www.iral-gmbh.de\/magazin\/#website\",\"url\":\"https:\/\/www.iral-gmbh.de\/magazin\/\",\"name\":\"Magazin\",\"description\":\"Kostenlose Autoverwertung | Auto Entsorgen | IRAL GmbH\",\"potentialAction\":[{\"@type\":\"SearchAction\",\"target\":{\"@type\":\"EntryPoint\",\"urlTemplate\":\"https:\/\/www.iral-gmbh.de\/magazin\/?s={search_term_string}\"},\"query-input\":\"required name=search_term_string\"}],\"inLanguage\":\"de\"},{\"@type\":\"WebPage\",\"@id\":\"https:\/\/www.iral-gmbh.de\/magazin\/2023\/10\/31\/autonomes-fahren-die-ersten-deutschen-grossstaedte-setzen-akzente\/#webpage\",\"url\":\"https:\/\/www.iral-gmbh.de\/magazin\/2023\/10\/31\/autonomes-fahren-die-ersten-deutschen-grossstaedte-setzen-akzente\/\",\"name\":\"Autonomes Fahren \u2013 die ersten deutschen Gro\u00dfst\u00e4dte setzen Akzente\",\"isPartOf\":{\"@id\":\"https:\/\/www.iral-gmbh.de\/magazin\/#website\"},\"datePublished\":\"2023-10-31T13:22:21+00:00\",\"dateModified\":\"2023-10-31T13:22:23+00:00\",\"author\":{\"@id\":\"https:\/\/www.iral-gmbh.de\/magazin\/#\/schema\/person\/34d3bfe0fddb1b67696b48f128a57f3d\"},\"breadcrumb\":{\"@id\":\"https:\/\/www.iral-gmbh.de\/magazin\/2023\/10\/31\/autonomes-fahren-die-ersten-deutschen-grossstaedte-setzen-akzente\/#breadcrumb\"},\"inLanguage\":\"de\",\"potentialAction\":[{\"@type\":\"ReadAction\",\"target\":[\"https:\/\/www.iral-gmbh.de\/magazin\/2023\/10\/31\/autonomes-fahren-die-ersten-deutschen-grossstaedte-setzen-akzente\/\"]}]},{\"@type\":\"BreadcrumbList\",\"@id\":\"https:\/\/www.iral-gmbh.de\/magazin\/2023\/10\/31\/autonomes-fahren-die-ersten-deutschen-grossstaedte-setzen-akzente\/#breadcrumb\",\"itemListElement\":[{\"@type\":\"ListItem\",\"position\":1,\"name\":\"Startseite\",\"item\":\"https:\/\/www.iral-gmbh.de\/magazin\/\"},{\"@type\":\"ListItem\",\"position\":2,\"name\":\"Autonomes Fahren \u2013 die ersten deutschen Gro\u00dfst\u00e4dte setzen Akzente\"}]},{\"@type\":\"Person\",\"@id\":\"https:\/\/www.iral-gmbh.de\/magazin\/#\/schema\/person\/34d3bfe0fddb1b67696b48f128a57f3d\",\"name\":\"Andrej Bensack\",\"image\":{\"@type\":\"ImageObject\",\"@id\":\"https:\/\/www.iral-gmbh.de\/magazin\/#personlogo\",\"inLanguage\":\"de\",\"url\":\"https:\/\/secure.gravatar.com\/avatar\/f89fc234d866d7f5b7e26038f2295fff38a1a129e3e46048c2505dfc0dfc6fa3?s=96&d=mm&r=g\",\"contentUrl\":\"https:\/\/secure.gravatar.com\/avatar\/f89fc234d866d7f5b7e26038f2295fff38a1a129e3e46048c2505dfc0dfc6fa3?s=96&d=mm&r=g\",\"caption\":\"Andrej Bensack\"},\"url\":\"https:\/\/www.iral-gmbh.de\/magazin\/author\/andrej\/\"}]}<\/script>\n<!-- \/ Yoast SEO plugin. -->","yoast_head_json":{"title":"Autonomes Fahren \u2013 die ersten deutschen Gro\u00dfst\u00e4dte setzen Akzente","robots":{"index":"index","follow":"follow","max-snippet":"max-snippet:-1","max-image-preview":"max-image-preview:large","max-video-preview":"max-video-preview:-1"},"canonical":"https:\/\/www.iral-gmbh.de\/magazin\/2023\/10\/31\/autonomes-fahren-die-ersten-deutschen-grossstaedte-setzen-akzente\/","og_locale":"de_DE","og_type":"article","og_title":"Autonomes Fahren \u2013 die ersten deutschen Gro\u00dfst\u00e4dte setzen Akzente","og_description":"Kann autonomes Fahren der Verkehrswende den n\u00f6tigen Push geben? Die Gro\u00dfst\u00e4dte Hamburg und Berlin setzen jetzt Akzente und gehen mit Pilotprojekten an den Start. Zwar sind andere L\u00e4nder schon wesentlich weiter, Deutschland l\u00e4sst sich jedoch nicht hetzen, setzt stattdessen auf l\u00e4ngere Versuchsphasen und nachhaltige Tests. Ob Busse, Shuttles oder Autos [&hellip;]","og_url":"https:\/\/www.iral-gmbh.de\/magazin\/2023\/10\/31\/autonomes-fahren-die-ersten-deutschen-grossstaedte-setzen-akzente\/","og_site_name":"Magazin","article_published_time":"2023-10-31T13:22:21+00:00","article_modified_time":"2023-10-31T13:22:23+00:00","twitter_card":"summary_large_image","twitter_misc":{"Verfasst von":"Andrej Bensack","Gesch\u00e4tzte Lesezeit":"2\u00a0Minuten"},"schema":{"@context":"https:\/\/schema.org","@graph":[{"@type":"WebSite","@id":"https:\/\/www.iral-gmbh.de\/magazin\/#website","url":"https:\/\/www.iral-gmbh.de\/magazin\/","name":"Magazin","description":"Kostenlose Autoverwertung | Auto Entsorgen | IRAL GmbH","potentialAction":[{"@type":"SearchAction","target":{"@type":"EntryPoint","urlTemplate":"https:\/\/www.iral-gmbh.de\/magazin\/?s={search_term_string}"},"query-input":"required name=search_term_string"}],"inLanguage":"de"},{"@type":"WebPage","@id":"https:\/\/www.iral-gmbh.de\/magazin\/2023\/10\/31\/autonomes-fahren-die-ersten-deutschen-grossstaedte-setzen-akzente\/#webpage","url":"https:\/\/www.iral-gmbh.de\/magazin\/2023\/10\/31\/autonomes-fahren-die-ersten-deutschen-grossstaedte-setzen-akzente\/","name":"Autonomes Fahren \u2013 die ersten deutschen Gro\u00dfst\u00e4dte setzen Akzente","isPartOf":{"@id":"https:\/\/www.iral-gmbh.de\/magazin\/#website"},"datePublished":"2023-10-31T13:22:21+00:00","dateModified":"2023-10-31T13:22:23+00:00","author":{"@id":"https:\/\/www.iral-gmbh.de\/magazin\/#\/schema\/person\/34d3bfe0fddb1b67696b48f128a57f3d"},"breadcrumb":{"@id":"https:\/\/www.iral-gmbh.de\/magazin\/2023\/10\/31\/autonomes-fahren-die-ersten-deutschen-grossstaedte-setzen-akzente\/#breadcrumb"},"inLanguage":"de","potentialAction":[{"@type":"ReadAction","target":["https:\/\/www.iral-gmbh.de\/magazin\/2023\/10\/31\/autonomes-fahren-die-ersten-deutschen-grossstaedte-setzen-akzente\/"]}]},{"@type":"BreadcrumbList","@id":"https:\/\/www.iral-gmbh.de\/magazin\/2023\/10\/31\/autonomes-fahren-die-ersten-deutschen-grossstaedte-setzen-akzente\/#breadcrumb","itemListElement":[{"@type":"ListItem","position":1,"name":"Startseite","item":"https:\/\/www.iral-gmbh.de\/magazin\/"},{"@type":"ListItem","position":2,"name":"Autonomes Fahren \u2013 die ersten deutschen Gro\u00dfst\u00e4dte setzen Akzente"}]},{"@type":"Person","@id":"https:\/\/www.iral-gmbh.de\/magazin\/#\/schema\/person\/34d3bfe0fddb1b67696b48f128a57f3d","name":"Andrej Bensack","image":{"@type":"ImageObject","@id":"https:\/\/www.iral-gmbh.de\/magazin\/#personlogo","inLanguage":"de","url":"https:\/\/secure.gravatar.com\/avatar\/f89fc234d866d7f5b7e26038f2295fff38a1a129e3e46048c2505dfc0dfc6fa3?s=96&d=mm&r=g","contentUrl":"https:\/\/secure.gravatar.com\/avatar\/f89fc234d866d7f5b7e26038f2295fff38a1a129e3e46048c2505dfc0dfc6fa3?s=96&d=mm&r=g","caption":"Andrej Bensack"},"url":"https:\/\/www.iral-gmbh.de\/magazin\/author\/andrej\/"}]}},"_links":{"self":[{"href":"https:\/\/www.iral-gmbh.de\/magazin\/wp-json\/wp\/v2\/posts\/161","targetHints":{"allow":["GET"]}}],"collection":[{"href":"https:\/\/www.iral-gmbh.de\/magazin\/wp-json\/wp\/v2\/posts"}],"about":[{"href":"https:\/\/www.iral-gmbh.de\/magazin\/wp-json\/wp\/v2\/types\/post"}],"author":[{"embeddable":true,"href":"https:\/\/www.iral-gmbh.de\/magazin\/wp-json\/wp\/v2\/users\/2"}],"replies":[{"embeddable":true,"href":"https:\/\/www.iral-gmbh.de\/magazin\/wp-json\/wp\/v2\/comments?post=161"}],"version-history":[{"count":1,"href":"https:\/\/www.iral-gmbh.de\/magazin\/wp-json\/wp\/v2\/posts\/161\/revisions"}],"predecessor-version":[{"id":162,"href":"https:\/\/www.iral-gmbh.de\/magazin\/wp-json\/wp\/v2\/posts\/161\/revisions\/162"}],"wp:attachment":[{"href":"https:\/\/www.iral-gmbh.de\/magazin\/wp-json\/wp\/v2\/media?parent=161"}],"wp:term":[{"taxonomy":"category","embeddable":true,"href":"https:\/\/www.iral-gmbh.de\/magazin\/wp-json\/wp\/v2\/categories?post=161"},{"taxonomy":"post_tag","embeddable":true,"href":"https:\/\/www.iral-gmbh.de\/magazin\/wp-json\/wp\/v2\/tags?post=161"}],"curies":[{"name":"wp","href":"https:\/\/api.w.org\/{rel}","templated":true}]}}