{"id":154,"date":"2023-09-28T10:15:08","date_gmt":"2023-09-28T08:15:08","guid":{"rendered":"https:\/\/www.iral-gmbh.de\/magazin\/?p=154"},"modified":"2023-09-28T10:15:10","modified_gmt":"2023-09-28T08:15:10","slug":"droht-im-herbst-der-preiskollaps-bei-der-kfz-versicherung-worauf-muessen-sich-versicherungsnehmer-2023-gefasst-machen","status":"publish","type":"post","link":"https:\/\/www.iral-gmbh.de\/magazin\/2023\/09\/28\/droht-im-herbst-der-preiskollaps-bei-der-kfz-versicherung-worauf-muessen-sich-versicherungsnehmer-2023-gefasst-machen\/","title":{"rendered":"Droht im Herbst der Preiskollaps bei der Kfz-Versicherung? Worauf m\u00fcssen sich Versicherungsnehmer 2023 gefasst machen?"},"content":{"rendered":"\n<p>Die Kosten f\u00fcr die Kfz-Versicherung sind so manch einem Fahrzeughalter seit langem ein Dorn im Auge. Doch wer nicht mehr als n\u00f6tig bezahlen kann oder will, muss sich schlichtweg auf die Haftpflicht beschr\u00e4nken und auf die Leistungen der Teil- oder Vollkasko verzichten.<\/p>\n\n\n\n<p>Jetzt im kommenden Herbst sollen die Preise allem Anschein nach nochmals ganz drastisch steigen. Die meisten Assekuranzen verzeichnen nur geringe Wachstumsraten, m\u00fcssen sich im Gegenzug aber mit steigenden Schadensf\u00e4llen durch Unwetter und Belastungen durch Inflation und Energiekrise auseinandersetzen.<\/p>\n\n\n\n<p><em>Muss am Ende der Verbraucher die Last tragen? Oder lassen sich Preiserh\u00f6hungen noch abwenden?<\/em><\/p>\n\n\n\n<h2 class=\"wp-block-heading\"><strong>Tipps des Bund der Versicherten<\/strong><\/h2>\n\n\n\n<p>Wer den m\u00f6glichen Preiserh\u00f6hungen seines Kfz-Versicherers nichts voll und ganz ausgeliefert sein m\u00f6chte, sollte bereits jetzt einige Tipps beachten, so der Bund der Versicherten.<\/p>\n\n\n\n<p>Hat sich beispielsweise die Fahrleistung in den vergangenen Jahren reduziert, so w\u00e4re ein Wechsel von der Vollkasko in die Teilkasko eine finanziell lohnende Sache. Wichtig sei es, laut BdV, sich die Police nochmals genau durchzulesen und zu \u00fcberpr\u00fcfen, ob es eventuell Doppelversicherungen gibt. Auch eine Gegen\u00fcberstellung hinsichtlich des Preis-Leistungs-Verh\u00e4ltnisses mit anderen Assekuranzen kann daf\u00fcr sorgen, dass am Ende mehr Geld im Portemonnaie bleibt.<\/p>\n\n\n\n<p><\/p>\n","protected":false},"excerpt":{"rendered":"<p>Die Kosten f\u00fcr die Kfz-Versicherung sind so manch einem Fahrzeughalter seit langem ein Dorn im Auge. Doch wer nicht mehr als n\u00f6tig bezahlen kann oder will, muss sich schlichtweg auf die Haftpflicht beschr\u00e4nken und auf die Leistungen der Teil- oder Vollkasko verzichten. Jetzt im kommenden Herbst sollen die Preise allem [&hellip;]<\/p>\n","protected":false},"author":2,"featured_media":0,"comment_status":"open","ping_status":"open","sticky":false,"template":"","format":"standard","meta":{"footnotes":""},"categories":[3],"tags":[],"class_list":["post-154","post","type-post","status-publish","format-standard","hentry","category-news"],"yoast_head":"<!-- This site is optimized with the Yoast SEO plugin v18.5.1 - https:\/\/yoast.com\/wordpress\/plugins\/seo\/ -->\n<title>Droht im Herbst der Preiskollaps bei der Kfz-Versicherung?<\/title>\n<meta name=\"robots\" content=\"index, follow, max-snippet:-1, max-image-preview:large, max-video-preview:-1\" \/>\n<link rel=\"canonical\" href=\"https:\/\/www.iral-gmbh.de\/magazin\/2023\/09\/28\/droht-im-herbst-der-preiskollaps-bei-der-kfz-versicherung-worauf-muessen-sich-versicherungsnehmer-2023-gefasst-machen\/\" \/>\n<meta property=\"og:locale\" content=\"de_DE\" \/>\n<meta property=\"og:type\" content=\"article\" \/>\n<meta property=\"og:title\" content=\"Droht im Herbst der Preiskollaps bei der Kfz-Versicherung?\" \/>\n<meta property=\"og:description\" content=\"Die Kosten f\u00fcr die Kfz-Versicherung sind so manch einem Fahrzeughalter seit langem ein Dorn im Auge. Doch wer nicht mehr als n\u00f6tig bezahlen kann oder will, muss sich schlichtweg auf die Haftpflicht beschr\u00e4nken und auf die Leistungen der Teil- oder Vollkasko verzichten. Jetzt im kommenden Herbst sollen die Preise allem [&hellip;]\" \/>\n<meta property=\"og:url\" content=\"https:\/\/www.iral-gmbh.de\/magazin\/2023\/09\/28\/droht-im-herbst-der-preiskollaps-bei-der-kfz-versicherung-worauf-muessen-sich-versicherungsnehmer-2023-gefasst-machen\/\" \/>\n<meta property=\"og:site_name\" content=\"Magazin\" \/>\n<meta property=\"article:published_time\" content=\"2023-09-28T08:15:08+00:00\" \/>\n<meta property=\"article:modified_time\" content=\"2023-09-28T08:15:10+00:00\" \/>\n<meta name=\"twitter:card\" content=\"summary_large_image\" \/>\n<meta name=\"twitter:label1\" content=\"Verfasst von\" \/>\n\t<meta name=\"twitter:data1\" content=\"Andrej Bensack\" \/>\n\t<meta name=\"twitter:label2\" content=\"Gesch\u00e4tzte Lesezeit\" \/>\n\t<meta name=\"twitter:data2\" content=\"1\u00a0Minute\" \/>\n<script type=\"application\/ld+json\" class=\"yoast-schema-graph\">{\"@context\":\"https:\/\/schema.org\",\"@graph\":[{\"@type\":\"WebSite\",\"@id\":\"https:\/\/www.iral-gmbh.de\/magazin\/#website\",\"url\":\"https:\/\/www.iral-gmbh.de\/magazin\/\",\"name\":\"Magazin\",\"description\":\"Kostenlose Autoverwertung | Auto Entsorgen | IRAL GmbH\",\"potentialAction\":[{\"@type\":\"SearchAction\",\"target\":{\"@type\":\"EntryPoint\",\"urlTemplate\":\"https:\/\/www.iral-gmbh.de\/magazin\/?s={search_term_string}\"},\"query-input\":\"required name=search_term_string\"}],\"inLanguage\":\"de\"},{\"@type\":\"WebPage\",\"@id\":\"https:\/\/www.iral-gmbh.de\/magazin\/2023\/09\/28\/droht-im-herbst-der-preiskollaps-bei-der-kfz-versicherung-worauf-muessen-sich-versicherungsnehmer-2023-gefasst-machen\/#webpage\",\"url\":\"https:\/\/www.iral-gmbh.de\/magazin\/2023\/09\/28\/droht-im-herbst-der-preiskollaps-bei-der-kfz-versicherung-worauf-muessen-sich-versicherungsnehmer-2023-gefasst-machen\/\",\"name\":\"Droht im Herbst der Preiskollaps bei der Kfz-Versicherung?\",\"isPartOf\":{\"@id\":\"https:\/\/www.iral-gmbh.de\/magazin\/#website\"},\"datePublished\":\"2023-09-28T08:15:08+00:00\",\"dateModified\":\"2023-09-28T08:15:10+00:00\",\"author\":{\"@id\":\"https:\/\/www.iral-gmbh.de\/magazin\/#\/schema\/person\/34d3bfe0fddb1b67696b48f128a57f3d\"},\"breadcrumb\":{\"@id\":\"https:\/\/www.iral-gmbh.de\/magazin\/2023\/09\/28\/droht-im-herbst-der-preiskollaps-bei-der-kfz-versicherung-worauf-muessen-sich-versicherungsnehmer-2023-gefasst-machen\/#breadcrumb\"},\"inLanguage\":\"de\",\"potentialAction\":[{\"@type\":\"ReadAction\",\"target\":[\"https:\/\/www.iral-gmbh.de\/magazin\/2023\/09\/28\/droht-im-herbst-der-preiskollaps-bei-der-kfz-versicherung-worauf-muessen-sich-versicherungsnehmer-2023-gefasst-machen\/\"]}]},{\"@type\":\"BreadcrumbList\",\"@id\":\"https:\/\/www.iral-gmbh.de\/magazin\/2023\/09\/28\/droht-im-herbst-der-preiskollaps-bei-der-kfz-versicherung-worauf-muessen-sich-versicherungsnehmer-2023-gefasst-machen\/#breadcrumb\",\"itemListElement\":[{\"@type\":\"ListItem\",\"position\":1,\"name\":\"Startseite\",\"item\":\"https:\/\/www.iral-gmbh.de\/magazin\/\"},{\"@type\":\"ListItem\",\"position\":2,\"name\":\"Droht im Herbst der Preiskollaps bei der Kfz-Versicherung? Worauf m\u00fcssen sich Versicherungsnehmer 2023 gefasst machen?\"}]},{\"@type\":\"Person\",\"@id\":\"https:\/\/www.iral-gmbh.de\/magazin\/#\/schema\/person\/34d3bfe0fddb1b67696b48f128a57f3d\",\"name\":\"Andrej Bensack\",\"image\":{\"@type\":\"ImageObject\",\"@id\":\"https:\/\/www.iral-gmbh.de\/magazin\/#personlogo\",\"inLanguage\":\"de\",\"url\":\"https:\/\/secure.gravatar.com\/avatar\/f89fc234d866d7f5b7e26038f2295fff38a1a129e3e46048c2505dfc0dfc6fa3?s=96&d=mm&r=g\",\"contentUrl\":\"https:\/\/secure.gravatar.com\/avatar\/f89fc234d866d7f5b7e26038f2295fff38a1a129e3e46048c2505dfc0dfc6fa3?s=96&d=mm&r=g\",\"caption\":\"Andrej Bensack\"},\"url\":\"https:\/\/www.iral-gmbh.de\/magazin\/author\/andrej\/\"}]}<\/script>\n<!-- \/ Yoast SEO plugin. -->","yoast_head_json":{"title":"Droht im Herbst der Preiskollaps bei der Kfz-Versicherung?","robots":{"index":"index","follow":"follow","max-snippet":"max-snippet:-1","max-image-preview":"max-image-preview:large","max-video-preview":"max-video-preview:-1"},"canonical":"https:\/\/www.iral-gmbh.de\/magazin\/2023\/09\/28\/droht-im-herbst-der-preiskollaps-bei-der-kfz-versicherung-worauf-muessen-sich-versicherungsnehmer-2023-gefasst-machen\/","og_locale":"de_DE","og_type":"article","og_title":"Droht im Herbst der Preiskollaps bei der Kfz-Versicherung?","og_description":"Die Kosten f\u00fcr die Kfz-Versicherung sind so manch einem Fahrzeughalter seit langem ein Dorn im Auge. Doch wer nicht mehr als n\u00f6tig bezahlen kann oder will, muss sich schlichtweg auf die Haftpflicht beschr\u00e4nken und auf die Leistungen der Teil- oder Vollkasko verzichten. Jetzt im kommenden Herbst sollen die Preise allem [&hellip;]","og_url":"https:\/\/www.iral-gmbh.de\/magazin\/2023\/09\/28\/droht-im-herbst-der-preiskollaps-bei-der-kfz-versicherung-worauf-muessen-sich-versicherungsnehmer-2023-gefasst-machen\/","og_site_name":"Magazin","article_published_time":"2023-09-28T08:15:08+00:00","article_modified_time":"2023-09-28T08:15:10+00:00","twitter_card":"summary_large_image","twitter_misc":{"Verfasst von":"Andrej Bensack","Gesch\u00e4tzte Lesezeit":"1\u00a0Minute"},"schema":{"@context":"https:\/\/schema.org","@graph":[{"@type":"WebSite","@id":"https:\/\/www.iral-gmbh.de\/magazin\/#website","url":"https:\/\/www.iral-gmbh.de\/magazin\/","name":"Magazin","description":"Kostenlose Autoverwertung | Auto Entsorgen | IRAL GmbH","potentialAction":[{"@type":"SearchAction","target":{"@type":"EntryPoint","urlTemplate":"https:\/\/www.iral-gmbh.de\/magazin\/?s={search_term_string}"},"query-input":"required name=search_term_string"}],"inLanguage":"de"},{"@type":"WebPage","@id":"https:\/\/www.iral-gmbh.de\/magazin\/2023\/09\/28\/droht-im-herbst-der-preiskollaps-bei-der-kfz-versicherung-worauf-muessen-sich-versicherungsnehmer-2023-gefasst-machen\/#webpage","url":"https:\/\/www.iral-gmbh.de\/magazin\/2023\/09\/28\/droht-im-herbst-der-preiskollaps-bei-der-kfz-versicherung-worauf-muessen-sich-versicherungsnehmer-2023-gefasst-machen\/","name":"Droht im Herbst der Preiskollaps bei der Kfz-Versicherung?","isPartOf":{"@id":"https:\/\/www.iral-gmbh.de\/magazin\/#website"},"datePublished":"2023-09-28T08:15:08+00:00","dateModified":"2023-09-28T08:15:10+00:00","author":{"@id":"https:\/\/www.iral-gmbh.de\/magazin\/#\/schema\/person\/34d3bfe0fddb1b67696b48f128a57f3d"},"breadcrumb":{"@id":"https:\/\/www.iral-gmbh.de\/magazin\/2023\/09\/28\/droht-im-herbst-der-preiskollaps-bei-der-kfz-versicherung-worauf-muessen-sich-versicherungsnehmer-2023-gefasst-machen\/#breadcrumb"},"inLanguage":"de","potentialAction":[{"@type":"ReadAction","target":["https:\/\/www.iral-gmbh.de\/magazin\/2023\/09\/28\/droht-im-herbst-der-preiskollaps-bei-der-kfz-versicherung-worauf-muessen-sich-versicherungsnehmer-2023-gefasst-machen\/"]}]},{"@type":"BreadcrumbList","@id":"https:\/\/www.iral-gmbh.de\/magazin\/2023\/09\/28\/droht-im-herbst-der-preiskollaps-bei-der-kfz-versicherung-worauf-muessen-sich-versicherungsnehmer-2023-gefasst-machen\/#breadcrumb","itemListElement":[{"@type":"ListItem","position":1,"name":"Startseite","item":"https:\/\/www.iral-gmbh.de\/magazin\/"},{"@type":"ListItem","position":2,"name":"Droht im Herbst der Preiskollaps bei der Kfz-Versicherung? Worauf m\u00fcssen sich Versicherungsnehmer 2023 gefasst machen?"}]},{"@type":"Person","@id":"https:\/\/www.iral-gmbh.de\/magazin\/#\/schema\/person\/34d3bfe0fddb1b67696b48f128a57f3d","name":"Andrej Bensack","image":{"@type":"ImageObject","@id":"https:\/\/www.iral-gmbh.de\/magazin\/#personlogo","inLanguage":"de","url":"https:\/\/secure.gravatar.com\/avatar\/f89fc234d866d7f5b7e26038f2295fff38a1a129e3e46048c2505dfc0dfc6fa3?s=96&d=mm&r=g","contentUrl":"https:\/\/secure.gravatar.com\/avatar\/f89fc234d866d7f5b7e26038f2295fff38a1a129e3e46048c2505dfc0dfc6fa3?s=96&d=mm&r=g","caption":"Andrej Bensack"},"url":"https:\/\/www.iral-gmbh.de\/magazin\/author\/andrej\/"}]}},"_links":{"self":[{"href":"https:\/\/www.iral-gmbh.de\/magazin\/wp-json\/wp\/v2\/posts\/154","targetHints":{"allow":["GET"]}}],"collection":[{"href":"https:\/\/www.iral-gmbh.de\/magazin\/wp-json\/wp\/v2\/posts"}],"about":[{"href":"https:\/\/www.iral-gmbh.de\/magazin\/wp-json\/wp\/v2\/types\/post"}],"author":[{"embeddable":true,"href":"https:\/\/www.iral-gmbh.de\/magazin\/wp-json\/wp\/v2\/users\/2"}],"replies":[{"embeddable":true,"href":"https:\/\/www.iral-gmbh.de\/magazin\/wp-json\/wp\/v2\/comments?post=154"}],"version-history":[{"count":1,"href":"https:\/\/www.iral-gmbh.de\/magazin\/wp-json\/wp\/v2\/posts\/154\/revisions"}],"predecessor-version":[{"id":155,"href":"https:\/\/www.iral-gmbh.de\/magazin\/wp-json\/wp\/v2\/posts\/154\/revisions\/155"}],"wp:attachment":[{"href":"https:\/\/www.iral-gmbh.de\/magazin\/wp-json\/wp\/v2\/media?parent=154"}],"wp:term":[{"taxonomy":"category","embeddable":true,"href":"https:\/\/www.iral-gmbh.de\/magazin\/wp-json\/wp\/v2\/categories?post=154"},{"taxonomy":"post_tag","embeddable":true,"href":"https:\/\/www.iral-gmbh.de\/magazin\/wp-json\/wp\/v2\/tags?post=154"}],"curies":[{"name":"wp","href":"https:\/\/api.w.org\/{rel}","templated":true}]}}