{"id":152,"date":"2023-09-28T10:12:23","date_gmt":"2023-09-28T08:12:23","guid":{"rendered":"https:\/\/www.iral-gmbh.de\/magazin\/?p=152"},"modified":"2023-09-28T10:12:25","modified_gmt":"2023-09-28T08:12:25","slug":"schaeden-am-auto-durch-sommerstuerme-zahlt-die-kfz-versicherung","status":"publish","type":"post","link":"https:\/\/www.iral-gmbh.de\/magazin\/2023\/09\/28\/schaeden-am-auto-durch-sommerstuerme-zahlt-die-kfz-versicherung\/","title":{"rendered":"Sch\u00e4den am Auto durch Sommerst\u00fcrme \u2013 zahlt die Kfz-Versicherung?"},"content":{"rendered":"\n<p>Der Klimawandel bringt Wetterereignisse mit sich, die noch vor wenigen Jahrzehnten unvorstellbar waren. Starkregen mit \u00dcberschwemmungen, Tornados, die ganze Stadtteile in Schutt und Asche legen \u2013 wer jetzt nicht versichert ist, steht schnell vor dem finanziellen Ruin.<\/p>\n\n\n\n<p>Doch wie ist es eigentlich mit der Schaden\u00fcbernahme durch die Assekuranzen? Wird bei Naturereignissen anstandslos reguliert oder gibt es Ausnahmen?<\/p>\n\n\n\n<h2 class=\"wp-block-heading\"><strong>Heftige Regenf\u00e4lle, Wind &amp; Hagel<\/strong><\/h2>\n\n\n\n<p>Wenn es um Sch\u00e4den am Auto durch Sommerst\u00fcrme geht, spielt die Kfz-Versicherung eine gro\u00dfe Rolle. Umgest\u00fcrzte B\u00e4ume k\u00f6nnen im Nu f\u00fcr einen Totalschaden sorgen, Hagelk\u00f6rner Dach und Motorhaube zu einer Kraterlandschaft machen und den Wert des Fahrzeugs erheblich schm\u00e4lern.<\/p>\n\n\n\n<p>Sommerst\u00fcrme, wie unl\u00e4ngst \u201eKay\u201c oder \u201eLambert\u201c, haben laut Ermittlungen des GDV (Gesamtverbandes der Deutschen Versicherungswirtschaft) Sch\u00e4den in fast vierstelliger Millionenh\u00f6he verursacht. Ob und wann die Kfz-Versicherung die entstandenen Sch\u00e4den ihrer Versicherungsnehmer reguliert hat, hing jedoch von unterschiedlichen Faktoren ab.<\/p>\n\n\n\n<h2 class=\"wp-block-heading\"><strong>Haftpflicht, Teilkasko- &amp; Vollkaskoversicherung<\/strong><\/h2>\n\n\n\n<p><em>Wer einen Sturmschaden am Fahrzeug hat, kann und sollte dies schnellstm\u00f6glich seiner Kasko-Autoversicherung mitteilen.<\/em><\/p>\n\n\n\n<p>Die Teilkasko-Autoversicherung reguliert alle Sch\u00e4den am Fahrzeug, die beispielsweise durch herumfliegende \u00c4ste und Dachziegel oder Fassadenteile entstanden sind. Es muss sich in der Regel aber um ein unvorhergesehenes Ereignis handeln, dh. es gab vorab keine Unwetterwarnungen. W\u00e4re dies der Fall, w\u00fcrde die Teilkasko nur dann regulieren, wenn der Versicherungsnehmer auch die Option \u201egrobe Fahrl\u00e4ssigkeit\u201c mit in seinen Vertrag aufgenommen hat.<\/p>\n\n\n\n<p>Sind die entstandenen Sch\u00e4den dokumentiert und \u00fcbermittelt, so bekommt der Versicherungsnehmer entweder die Kosten f\u00fcr Reparaturen oder den Wiederbeschaffungswert seines Fahrzeugs erstattet. Wer einen Leihwagen ben\u00f6tigt, muss diesen aber aus eigener Tasche zahlen, es sei denn, die Leistungen wurden vorab im Vertrag fixiert.<\/p>\n\n\n\n<p>\u00dcbrigens: Im Versicherungsalltag gibt es f\u00fcr Sturm eine klare Grenze: Sturm ist ab Windst\u00e4rke 7-8!<\/p>\n\n\n\n<h2 class=\"wp-block-heading\"><strong>Zahlt die Vollkaskoversicherung bei Sommerst\u00fcrmen alles?<\/strong><\/h2>\n\n\n\n<p>Grunds\u00e4tzlich reguliert die Vollkaskoversicherung alle Sch\u00e4den wie in der Teilkasko. Dar\u00fcber hinaus ist auch Eigenverschulden mit abgedeckt \u2013 was auch bei Sommerst\u00fcrmen durchaus vorkommen kann. Wer keine Vollkaskoversicherung abgeschlossen hat, muss die Schadensregulierung bei eigens verursachten Unf\u00e4llen in der Regel selbst \u00fcbernehmen. Dies gilt auch f\u00fcr Sch\u00e4den, die im Rahmen eines Sommersturms entstehen und nur mittelbar mit diesem zu tun haben. Bremst beispielsweise der Vordermann, weil er einen gro\u00dfen Ast auf der Stra\u00dfe liegen sieht, das nachfolgende Fahrzeug h\u00e4lt jedoch nicht gen\u00fcgend Abstand und f\u00e4hrt auf den Vordermann auf, so w\u00fcrde die Vollkaskoversicherung auch hier regulieren \u2013 die Teilkasko hingegen nicht.<\/p>\n\n\n\n<p>Wer lediglich eine Kfz-Haftpflichtversicherung abgeschlossen hat und sowohl auf Teilkasko- als auch Vollkaskoversicherung verzichtet hat, geht bei Sch\u00e4den durch Sommerst\u00fcrme komplett leer aus. In diesem Fall muss die Schadensregulierung immer selbst getragen werden.<\/p>\n","protected":false},"excerpt":{"rendered":"<p>Der Klimawandel bringt Wetterereignisse mit sich, die noch vor wenigen Jahrzehnten unvorstellbar waren. Starkregen mit \u00dcberschwemmungen, Tornados, die ganze Stadtteile in Schutt und Asche legen \u2013 wer jetzt nicht versichert ist, steht schnell vor dem finanziellen Ruin. Doch wie ist es eigentlich mit der Schaden\u00fcbernahme durch die Assekuranzen? Wird bei [&hellip;]<\/p>\n","protected":false},"author":2,"featured_media":0,"comment_status":"open","ping_status":"open","sticky":false,"template":"","format":"standard","meta":{"footnotes":""},"categories":[1],"tags":[],"class_list":["post-152","post","type-post","status-publish","format-standard","hentry","category-allgemein"],"yoast_head":"<!-- This site is optimized with the Yoast SEO plugin v18.5.1 - https:\/\/yoast.com\/wordpress\/plugins\/seo\/ -->\n<title>Sch\u00e4den am Auto durch Sommerst\u00fcrme \u2013 zahlt die Kfz-Versicherung?<\/title>\n<meta name=\"robots\" content=\"index, follow, max-snippet:-1, max-image-preview:large, max-video-preview:-1\" \/>\n<link rel=\"canonical\" href=\"https:\/\/www.iral-gmbh.de\/magazin\/2023\/09\/28\/schaeden-am-auto-durch-sommerstuerme-zahlt-die-kfz-versicherung\/\" \/>\n<meta property=\"og:locale\" content=\"de_DE\" \/>\n<meta property=\"og:type\" content=\"article\" \/>\n<meta property=\"og:title\" content=\"Sch\u00e4den am Auto durch Sommerst\u00fcrme \u2013 zahlt die Kfz-Versicherung?\" \/>\n<meta property=\"og:description\" content=\"Der Klimawandel bringt Wetterereignisse mit sich, die noch vor wenigen Jahrzehnten unvorstellbar waren. Starkregen mit \u00dcberschwemmungen, Tornados, die ganze Stadtteile in Schutt und Asche legen \u2013 wer jetzt nicht versichert ist, steht schnell vor dem finanziellen Ruin. Doch wie ist es eigentlich mit der Schaden\u00fcbernahme durch die Assekuranzen? Wird bei [&hellip;]\" \/>\n<meta property=\"og:url\" content=\"https:\/\/www.iral-gmbh.de\/magazin\/2023\/09\/28\/schaeden-am-auto-durch-sommerstuerme-zahlt-die-kfz-versicherung\/\" \/>\n<meta property=\"og:site_name\" content=\"Magazin\" \/>\n<meta property=\"article:published_time\" content=\"2023-09-28T08:12:23+00:00\" \/>\n<meta property=\"article:modified_time\" content=\"2023-09-28T08:12:25+00:00\" \/>\n<meta name=\"twitter:card\" content=\"summary_large_image\" \/>\n<meta name=\"twitter:label1\" content=\"Verfasst von\" \/>\n\t<meta name=\"twitter:data1\" content=\"Andrej Bensack\" \/>\n\t<meta name=\"twitter:label2\" content=\"Gesch\u00e4tzte Lesezeit\" \/>\n\t<meta name=\"twitter:data2\" content=\"2\u00a0Minuten\" \/>\n<script type=\"application\/ld+json\" class=\"yoast-schema-graph\">{\"@context\":\"https:\/\/schema.org\",\"@graph\":[{\"@type\":\"WebSite\",\"@id\":\"https:\/\/www.iral-gmbh.de\/magazin\/#website\",\"url\":\"https:\/\/www.iral-gmbh.de\/magazin\/\",\"name\":\"Magazin\",\"description\":\"Kostenlose Autoverwertung | Auto Entsorgen | IRAL GmbH\",\"potentialAction\":[{\"@type\":\"SearchAction\",\"target\":{\"@type\":\"EntryPoint\",\"urlTemplate\":\"https:\/\/www.iral-gmbh.de\/magazin\/?s={search_term_string}\"},\"query-input\":\"required name=search_term_string\"}],\"inLanguage\":\"de\"},{\"@type\":\"WebPage\",\"@id\":\"https:\/\/www.iral-gmbh.de\/magazin\/2023\/09\/28\/schaeden-am-auto-durch-sommerstuerme-zahlt-die-kfz-versicherung\/#webpage\",\"url\":\"https:\/\/www.iral-gmbh.de\/magazin\/2023\/09\/28\/schaeden-am-auto-durch-sommerstuerme-zahlt-die-kfz-versicherung\/\",\"name\":\"Sch\u00e4den am Auto durch Sommerst\u00fcrme \u2013 zahlt die Kfz-Versicherung?\",\"isPartOf\":{\"@id\":\"https:\/\/www.iral-gmbh.de\/magazin\/#website\"},\"datePublished\":\"2023-09-28T08:12:23+00:00\",\"dateModified\":\"2023-09-28T08:12:25+00:00\",\"author\":{\"@id\":\"https:\/\/www.iral-gmbh.de\/magazin\/#\/schema\/person\/34d3bfe0fddb1b67696b48f128a57f3d\"},\"breadcrumb\":{\"@id\":\"https:\/\/www.iral-gmbh.de\/magazin\/2023\/09\/28\/schaeden-am-auto-durch-sommerstuerme-zahlt-die-kfz-versicherung\/#breadcrumb\"},\"inLanguage\":\"de\",\"potentialAction\":[{\"@type\":\"ReadAction\",\"target\":[\"https:\/\/www.iral-gmbh.de\/magazin\/2023\/09\/28\/schaeden-am-auto-durch-sommerstuerme-zahlt-die-kfz-versicherung\/\"]}]},{\"@type\":\"BreadcrumbList\",\"@id\":\"https:\/\/www.iral-gmbh.de\/magazin\/2023\/09\/28\/schaeden-am-auto-durch-sommerstuerme-zahlt-die-kfz-versicherung\/#breadcrumb\",\"itemListElement\":[{\"@type\":\"ListItem\",\"position\":1,\"name\":\"Startseite\",\"item\":\"https:\/\/www.iral-gmbh.de\/magazin\/\"},{\"@type\":\"ListItem\",\"position\":2,\"name\":\"Sch\u00e4den am Auto durch Sommerst\u00fcrme \u2013 zahlt die Kfz-Versicherung?\"}]},{\"@type\":\"Person\",\"@id\":\"https:\/\/www.iral-gmbh.de\/magazin\/#\/schema\/person\/34d3bfe0fddb1b67696b48f128a57f3d\",\"name\":\"Andrej Bensack\",\"image\":{\"@type\":\"ImageObject\",\"@id\":\"https:\/\/www.iral-gmbh.de\/magazin\/#personlogo\",\"inLanguage\":\"de\",\"url\":\"https:\/\/secure.gravatar.com\/avatar\/f89fc234d866d7f5b7e26038f2295fff38a1a129e3e46048c2505dfc0dfc6fa3?s=96&d=mm&r=g\",\"contentUrl\":\"https:\/\/secure.gravatar.com\/avatar\/f89fc234d866d7f5b7e26038f2295fff38a1a129e3e46048c2505dfc0dfc6fa3?s=96&d=mm&r=g\",\"caption\":\"Andrej Bensack\"},\"url\":\"https:\/\/www.iral-gmbh.de\/magazin\/author\/andrej\/\"}]}<\/script>\n<!-- \/ Yoast SEO plugin. -->","yoast_head_json":{"title":"Sch\u00e4den am Auto durch Sommerst\u00fcrme \u2013 zahlt die Kfz-Versicherung?","robots":{"index":"index","follow":"follow","max-snippet":"max-snippet:-1","max-image-preview":"max-image-preview:large","max-video-preview":"max-video-preview:-1"},"canonical":"https:\/\/www.iral-gmbh.de\/magazin\/2023\/09\/28\/schaeden-am-auto-durch-sommerstuerme-zahlt-die-kfz-versicherung\/","og_locale":"de_DE","og_type":"article","og_title":"Sch\u00e4den am Auto durch Sommerst\u00fcrme \u2013 zahlt die Kfz-Versicherung?","og_description":"Der Klimawandel bringt Wetterereignisse mit sich, die noch vor wenigen Jahrzehnten unvorstellbar waren. Starkregen mit \u00dcberschwemmungen, Tornados, die ganze Stadtteile in Schutt und Asche legen \u2013 wer jetzt nicht versichert ist, steht schnell vor dem finanziellen Ruin. Doch wie ist es eigentlich mit der Schaden\u00fcbernahme durch die Assekuranzen? Wird bei [&hellip;]","og_url":"https:\/\/www.iral-gmbh.de\/magazin\/2023\/09\/28\/schaeden-am-auto-durch-sommerstuerme-zahlt-die-kfz-versicherung\/","og_site_name":"Magazin","article_published_time":"2023-09-28T08:12:23+00:00","article_modified_time":"2023-09-28T08:12:25+00:00","twitter_card":"summary_large_image","twitter_misc":{"Verfasst von":"Andrej Bensack","Gesch\u00e4tzte Lesezeit":"2\u00a0Minuten"},"schema":{"@context":"https:\/\/schema.org","@graph":[{"@type":"WebSite","@id":"https:\/\/www.iral-gmbh.de\/magazin\/#website","url":"https:\/\/www.iral-gmbh.de\/magazin\/","name":"Magazin","description":"Kostenlose Autoverwertung | Auto Entsorgen | IRAL GmbH","potentialAction":[{"@type":"SearchAction","target":{"@type":"EntryPoint","urlTemplate":"https:\/\/www.iral-gmbh.de\/magazin\/?s={search_term_string}"},"query-input":"required name=search_term_string"}],"inLanguage":"de"},{"@type":"WebPage","@id":"https:\/\/www.iral-gmbh.de\/magazin\/2023\/09\/28\/schaeden-am-auto-durch-sommerstuerme-zahlt-die-kfz-versicherung\/#webpage","url":"https:\/\/www.iral-gmbh.de\/magazin\/2023\/09\/28\/schaeden-am-auto-durch-sommerstuerme-zahlt-die-kfz-versicherung\/","name":"Sch\u00e4den am Auto durch Sommerst\u00fcrme \u2013 zahlt die Kfz-Versicherung?","isPartOf":{"@id":"https:\/\/www.iral-gmbh.de\/magazin\/#website"},"datePublished":"2023-09-28T08:12:23+00:00","dateModified":"2023-09-28T08:12:25+00:00","author":{"@id":"https:\/\/www.iral-gmbh.de\/magazin\/#\/schema\/person\/34d3bfe0fddb1b67696b48f128a57f3d"},"breadcrumb":{"@id":"https:\/\/www.iral-gmbh.de\/magazin\/2023\/09\/28\/schaeden-am-auto-durch-sommerstuerme-zahlt-die-kfz-versicherung\/#breadcrumb"},"inLanguage":"de","potentialAction":[{"@type":"ReadAction","target":["https:\/\/www.iral-gmbh.de\/magazin\/2023\/09\/28\/schaeden-am-auto-durch-sommerstuerme-zahlt-die-kfz-versicherung\/"]}]},{"@type":"BreadcrumbList","@id":"https:\/\/www.iral-gmbh.de\/magazin\/2023\/09\/28\/schaeden-am-auto-durch-sommerstuerme-zahlt-die-kfz-versicherung\/#breadcrumb","itemListElement":[{"@type":"ListItem","position":1,"name":"Startseite","item":"https:\/\/www.iral-gmbh.de\/magazin\/"},{"@type":"ListItem","position":2,"name":"Sch\u00e4den am Auto durch Sommerst\u00fcrme \u2013 zahlt die Kfz-Versicherung?"}]},{"@type":"Person","@id":"https:\/\/www.iral-gmbh.de\/magazin\/#\/schema\/person\/34d3bfe0fddb1b67696b48f128a57f3d","name":"Andrej Bensack","image":{"@type":"ImageObject","@id":"https:\/\/www.iral-gmbh.de\/magazin\/#personlogo","inLanguage":"de","url":"https:\/\/secure.gravatar.com\/avatar\/f89fc234d866d7f5b7e26038f2295fff38a1a129e3e46048c2505dfc0dfc6fa3?s=96&d=mm&r=g","contentUrl":"https:\/\/secure.gravatar.com\/avatar\/f89fc234d866d7f5b7e26038f2295fff38a1a129e3e46048c2505dfc0dfc6fa3?s=96&d=mm&r=g","caption":"Andrej Bensack"},"url":"https:\/\/www.iral-gmbh.de\/magazin\/author\/andrej\/"}]}},"_links":{"self":[{"href":"https:\/\/www.iral-gmbh.de\/magazin\/wp-json\/wp\/v2\/posts\/152","targetHints":{"allow":["GET"]}}],"collection":[{"href":"https:\/\/www.iral-gmbh.de\/magazin\/wp-json\/wp\/v2\/posts"}],"about":[{"href":"https:\/\/www.iral-gmbh.de\/magazin\/wp-json\/wp\/v2\/types\/post"}],"author":[{"embeddable":true,"href":"https:\/\/www.iral-gmbh.de\/magazin\/wp-json\/wp\/v2\/users\/2"}],"replies":[{"embeddable":true,"href":"https:\/\/www.iral-gmbh.de\/magazin\/wp-json\/wp\/v2\/comments?post=152"}],"version-history":[{"count":1,"href":"https:\/\/www.iral-gmbh.de\/magazin\/wp-json\/wp\/v2\/posts\/152\/revisions"}],"predecessor-version":[{"id":153,"href":"https:\/\/www.iral-gmbh.de\/magazin\/wp-json\/wp\/v2\/posts\/152\/revisions\/153"}],"wp:attachment":[{"href":"https:\/\/www.iral-gmbh.de\/magazin\/wp-json\/wp\/v2\/media?parent=152"}],"wp:term":[{"taxonomy":"category","embeddable":true,"href":"https:\/\/www.iral-gmbh.de\/magazin\/wp-json\/wp\/v2\/categories?post=152"},{"taxonomy":"post_tag","embeddable":true,"href":"https:\/\/www.iral-gmbh.de\/magazin\/wp-json\/wp\/v2\/tags?post=152"}],"curies":[{"name":"wp","href":"https:\/\/api.w.org\/{rel}","templated":true}]}}