{"id":149,"date":"2023-08-10T14:15:11","date_gmt":"2023-08-10T12:15:11","guid":{"rendered":"https:\/\/www.iral-gmbh.de\/magazin\/?p=149"},"modified":"2023-08-10T14:15:13","modified_gmt":"2023-08-10T12:15:13","slug":"steigende-preise-bei-der-autoversicherung-erwartet-was-sie-im-herbst-tun-koennen-um-kosten-zu-sparen","status":"publish","type":"post","link":"https:\/\/www.iral-gmbh.de\/magazin\/2023\/08\/10\/steigende-preise-bei-der-autoversicherung-erwartet-was-sie-im-herbst-tun-koennen-um-kosten-zu-sparen\/","title":{"rendered":"Steigende Preise bei der Autoversicherung erwartet \u2013 was Sie im Herbst tun k\u00f6nnen, um Kosten zu sparen"},"content":{"rendered":"\n<p>Auch in diesem Herbst m\u00fcssen Fahrzeughalter mit drastischen Preissteigerungen bei der Kfz-Versicherung rechnen. Die Phase g\u00fcnstiger Tarife scheint sich dem Ende zu neigen und die ersten Briefe mit Tariferh\u00f6hungen flattern ins Haus. Dazu verteuern sich Autoteile und Reparaturkosten, sodass Autofahren immer mehr Geld kostet.<\/p>\n\n\n\n<p><strong>Sowohl Verbrauchersch\u00fctzer als auch die zust\u00e4ndigen Assekuranzen prognostizieren eine deutliche Preiserh\u00f6hung noch in diesem Jahr. Doch wie k\u00f6nnen Autofahrer entgegensteuern? Und ist ein Versicherungswechsel wirklich ratsam?<\/strong><\/p>\n\n\n\n<p>Wer sein Auto in die Werkstatt geben muss der wei\u00df, dass er am Ende meist tief ins Portemonnaie greifen muss. Nun wird es vermutlich aber noch teurer werden, denn wir befinden uns mitten in einer Rezession mit anhaltender Inflation. Dies schl\u00e4gt sich in allen Bereichen rund um das Kfz nieder, sodass nicht nur Reparaturen richtig teuer werden, sondern auch die Versicherungspr\u00e4mien anziehen werden.<\/p>\n\n\n\n<p>Wie die HUK-Coburg unl\u00e4ngst mitteilte, seien die gestiegenen Tarifkosten bislang nicht in den Pr\u00e4mien ber\u00fccksichtigt worden. Zwar seien die Pr\u00e4mien in diesem Jahr schon gestiegen, deckten jedoch noch immer nicht die tats\u00e4chlichen Kosten. Dies teilte der Vorstandsvorsitzende der HUK-Coburg unl\u00e4ngst auch dem Handelsblatt mit. Weiter f\u00fchrt er aus, dass Assekuranzen zun\u00e4chst immer in Vorleistung gehen m\u00fcssten, wenn es um die j\u00e4hrlichen Pr\u00e4mien gehe. Nicht abzusch\u00e4tzen seien dabei allerdings die rasant steigenden Preise f\u00fcr Autoteile gewesen, die sich \u00fcber die Pr\u00e4mien erst im kommenden Jahr wieder ausgleichen lassen.<\/p>\n\n\n\n<h2 class=\"wp-block-heading\"><strong>Ist die Zeit der Gewinne vorbei?<\/strong><\/h2>\n\n\n\n<p>Viele Jahre haben Assekuranzen satte Gewinne einfahren k\u00f6nnen. Diese Zeit scheint vorbei, denn Rezession und Inflation schlagen auch bei den Versicherern negativ zu Buche.<\/p>\n\n\n\n<p>Bis zum Jahr 2020 war das Schadenaufkommen deutlich r\u00fcckl\u00e4ufig und blieb auch w\u00e4hrend der Coronapandemie sehr gering. Die Gr\u00fcnde hierf\u00fcr waren vielf\u00e4ltig. Lockdowns und die damit einhergehenden Mobilit\u00e4tsbeschr\u00e4nkungen und teils sogar Reiseverbote. Dazu kamen geschlossene Hotels und andere Unterk\u00fcnfte, sodass die meisten Menschen auf Reisen verzichteten. Selbst die Flutkatastrophe im Ahrtal im Jahr 2021 konnte von den Assekuranzen ohne rote Zahlen gut bew\u00e4ltigt werden.<\/p>\n\n\n\n<p><strong>Hohe Kosten verursacht durch Lieferengp\u00e4sse und Lieferausf\u00e4lle<\/strong><\/p>\n\n\n\n<p>Im Jahr 2022 wurden die Versicherer dann aber von den Auswirkungen des Ukraine-Krieges und den damit einhergehenden Lieferengp\u00e4ssen und Lieferausf\u00e4llen konfrontiert. Beide Faktoren f\u00fchrten letztendlich zu erheblichen Preisanstiegen \u2013 vor allem bei den Reparaturkosten f\u00fcr Kraftfahrzeuge. Als Reaktion darauf erh\u00f6hten viele Versicherer die Pr\u00e4mien f\u00fcr das Jahr 2023. Ein \u00e4hnlicher Schritt wird f\u00fcr 2024 erwartet.<\/p>\n\n\n\n<h3 class=\"wp-block-heading\"><strong>Bis sp\u00e4testens 30. November 2023 muss die Kfz-Versicherung gewechselt werden<\/strong><\/h3>\n\n\n\n<p>Kfz-Versicherungen laufen regul\u00e4r ein Kalenderjahr und k\u00f6nnen mit einer Vorlaufzeit von nur einem Monat zum Jahreswechsel gek\u00fcndigt werden. Die K\u00fcndigung muss entsprechend also bis zum 30. November bei der jeweiligen Assekuranz eingegangen sein, um wirksam zu werden und um das neue Vertragsverh\u00e4ltnis mit einem anderen Versicherer zu fixieren. Versicherungsnehmer haben jedoch auch die M\u00f6glichkeit, zu diesem Zeitpunkt einige Vertragsver\u00e4nderungen vorzunehmen. So beispielsweise den Wechsel von der Vollkaskoversicherung in die Teilkasko. Dazu kann die H\u00f6he der Selbstbeteiligung individuell angepasst werden. Es sind vor allem aber die Versicherungspr\u00e4mien, die Kfz-Halter zu einer drastischen Ver\u00e4nderung, sprich dem Wechsel zu einer anderen Assekuranz, veranlassen. Viele Versicherer locken derzeit mit lukrativen Angeboten, sodass immer mehr Autofahrer ein K\u00fcndigungsschreiben aufsetzen.<\/p>\n\n\n\n<p><strong>Was muss ich beim Wechsel der Kfz-Versicherung beachten?<\/strong><\/p>\n\n\n\n<p>Ein Versicherungswechsel ist zwar schnell erledigt, es gibt jedoch auch Fallstricke, die im Vorfeld bedacht werden m\u00fcssen. So ist es beispielsweise von elementarer Wichtigkeit, dass der neue Versicherungsvertrag bereits vor Ablauf der alten Police G\u00fcltigkeit besitzt. Wird ein Vertrag n\u00e4mlich <a><\/a>erst nach eingetretenem Schadensfall gek\u00fcndigt, so k\u00f6nnte es schwierig werden, einen neuen (g\u00fcnstigen) Versicherer zu finden.<\/p>\n","protected":false},"excerpt":{"rendered":"<p>Auch in diesem Herbst m\u00fcssen Fahrzeughalter mit drastischen Preissteigerungen bei der Kfz-Versicherung rechnen. Die Phase g\u00fcnstiger Tarife scheint sich dem Ende zu neigen und die ersten Briefe mit Tariferh\u00f6hungen flattern ins Haus. Dazu verteuern sich Autoteile und Reparaturkosten, sodass Autofahren immer mehr Geld kostet. Sowohl Verbrauchersch\u00fctzer als auch die zust\u00e4ndigen [&hellip;]<\/p>\n","protected":false},"author":2,"featured_media":0,"comment_status":"open","ping_status":"open","sticky":false,"template":"","format":"standard","meta":{"footnotes":""},"categories":[3],"tags":[],"class_list":["post-149","post","type-post","status-publish","format-standard","hentry","category-news"],"yoast_head":"<!-- This site is optimized with the Yoast SEO plugin v18.5.1 - https:\/\/yoast.com\/wordpress\/plugins\/seo\/ -->\n<title>2013 \/ 2014 - Steigende Preise bei der Autoversicherung erwartet<\/title>\n<meta name=\"description\" content=\"Kfz-Versicherung: Sowohl Verbrauchersch\u00fctzer als auch die zust\u00e4ndigen Assekuranzen prognostizieren eine deutliche Preiserh\u00f6hung noch in diesem Jahr.\" \/>\n<meta name=\"robots\" content=\"index, follow, max-snippet:-1, max-image-preview:large, max-video-preview:-1\" \/>\n<link rel=\"canonical\" href=\"https:\/\/www.iral-gmbh.de\/magazin\/2023\/08\/10\/steigende-preise-bei-der-autoversicherung-erwartet-was-sie-im-herbst-tun-koennen-um-kosten-zu-sparen\/\" \/>\n<meta property=\"og:locale\" content=\"de_DE\" \/>\n<meta property=\"og:type\" content=\"article\" \/>\n<meta property=\"og:title\" content=\"2013 \/ 2014 - Steigende Preise bei der Autoversicherung erwartet\" \/>\n<meta property=\"og:description\" content=\"Kfz-Versicherung: Sowohl Verbrauchersch\u00fctzer als auch die zust\u00e4ndigen Assekuranzen prognostizieren eine deutliche Preiserh\u00f6hung noch in diesem Jahr.\" \/>\n<meta property=\"og:url\" content=\"https:\/\/www.iral-gmbh.de\/magazin\/2023\/08\/10\/steigende-preise-bei-der-autoversicherung-erwartet-was-sie-im-herbst-tun-koennen-um-kosten-zu-sparen\/\" \/>\n<meta property=\"og:site_name\" content=\"Magazin\" \/>\n<meta property=\"article:published_time\" content=\"2023-08-10T12:15:11+00:00\" \/>\n<meta property=\"article:modified_time\" content=\"2023-08-10T12:15:13+00:00\" \/>\n<meta name=\"twitter:card\" content=\"summary_large_image\" \/>\n<meta name=\"twitter:label1\" content=\"Verfasst von\" \/>\n\t<meta name=\"twitter:data1\" content=\"Andrej Bensack\" \/>\n\t<meta name=\"twitter:label2\" content=\"Gesch\u00e4tzte Lesezeit\" \/>\n\t<meta name=\"twitter:data2\" content=\"3\u00a0Minuten\" \/>\n<script type=\"application\/ld+json\" class=\"yoast-schema-graph\">{\"@context\":\"https:\/\/schema.org\",\"@graph\":[{\"@type\":\"WebSite\",\"@id\":\"https:\/\/www.iral-gmbh.de\/magazin\/#website\",\"url\":\"https:\/\/www.iral-gmbh.de\/magazin\/\",\"name\":\"Magazin\",\"description\":\"Kostenlose Autoverwertung | Auto Entsorgen | IRAL GmbH\",\"potentialAction\":[{\"@type\":\"SearchAction\",\"target\":{\"@type\":\"EntryPoint\",\"urlTemplate\":\"https:\/\/www.iral-gmbh.de\/magazin\/?s={search_term_string}\"},\"query-input\":\"required name=search_term_string\"}],\"inLanguage\":\"de\"},{\"@type\":\"WebPage\",\"@id\":\"https:\/\/www.iral-gmbh.de\/magazin\/2023\/08\/10\/steigende-preise-bei-der-autoversicherung-erwartet-was-sie-im-herbst-tun-koennen-um-kosten-zu-sparen\/#webpage\",\"url\":\"https:\/\/www.iral-gmbh.de\/magazin\/2023\/08\/10\/steigende-preise-bei-der-autoversicherung-erwartet-was-sie-im-herbst-tun-koennen-um-kosten-zu-sparen\/\",\"name\":\"2013 \/ 2014 - Steigende Preise bei der Autoversicherung erwartet\",\"isPartOf\":{\"@id\":\"https:\/\/www.iral-gmbh.de\/magazin\/#website\"},\"datePublished\":\"2023-08-10T12:15:11+00:00\",\"dateModified\":\"2023-08-10T12:15:13+00:00\",\"author\":{\"@id\":\"https:\/\/www.iral-gmbh.de\/magazin\/#\/schema\/person\/34d3bfe0fddb1b67696b48f128a57f3d\"},\"description\":\"Kfz-Versicherung: Sowohl Verbrauchersch\u00fctzer als auch die zust\u00e4ndigen Assekuranzen prognostizieren eine deutliche Preiserh\u00f6hung noch in diesem Jahr.\",\"breadcrumb\":{\"@id\":\"https:\/\/www.iral-gmbh.de\/magazin\/2023\/08\/10\/steigende-preise-bei-der-autoversicherung-erwartet-was-sie-im-herbst-tun-koennen-um-kosten-zu-sparen\/#breadcrumb\"},\"inLanguage\":\"de\",\"potentialAction\":[{\"@type\":\"ReadAction\",\"target\":[\"https:\/\/www.iral-gmbh.de\/magazin\/2023\/08\/10\/steigende-preise-bei-der-autoversicherung-erwartet-was-sie-im-herbst-tun-koennen-um-kosten-zu-sparen\/\"]}]},{\"@type\":\"BreadcrumbList\",\"@id\":\"https:\/\/www.iral-gmbh.de\/magazin\/2023\/08\/10\/steigende-preise-bei-der-autoversicherung-erwartet-was-sie-im-herbst-tun-koennen-um-kosten-zu-sparen\/#breadcrumb\",\"itemListElement\":[{\"@type\":\"ListItem\",\"position\":1,\"name\":\"Startseite\",\"item\":\"https:\/\/www.iral-gmbh.de\/magazin\/\"},{\"@type\":\"ListItem\",\"position\":2,\"name\":\"Steigende Preise bei der Autoversicherung erwartet \u2013 was Sie im Herbst tun k\u00f6nnen, um Kosten zu sparen\"}]},{\"@type\":\"Person\",\"@id\":\"https:\/\/www.iral-gmbh.de\/magazin\/#\/schema\/person\/34d3bfe0fddb1b67696b48f128a57f3d\",\"name\":\"Andrej Bensack\",\"image\":{\"@type\":\"ImageObject\",\"@id\":\"https:\/\/www.iral-gmbh.de\/magazin\/#personlogo\",\"inLanguage\":\"de\",\"url\":\"https:\/\/secure.gravatar.com\/avatar\/f89fc234d866d7f5b7e26038f2295fff38a1a129e3e46048c2505dfc0dfc6fa3?s=96&d=mm&r=g\",\"contentUrl\":\"https:\/\/secure.gravatar.com\/avatar\/f89fc234d866d7f5b7e26038f2295fff38a1a129e3e46048c2505dfc0dfc6fa3?s=96&d=mm&r=g\",\"caption\":\"Andrej Bensack\"},\"url\":\"https:\/\/www.iral-gmbh.de\/magazin\/author\/andrej\/\"}]}<\/script>\n<!-- \/ Yoast SEO plugin. -->","yoast_head_json":{"title":"2013 \/ 2014 - Steigende Preise bei der Autoversicherung erwartet","description":"Kfz-Versicherung: Sowohl Verbrauchersch\u00fctzer als auch die zust\u00e4ndigen Assekuranzen prognostizieren eine deutliche Preiserh\u00f6hung noch in diesem Jahr.","robots":{"index":"index","follow":"follow","max-snippet":"max-snippet:-1","max-image-preview":"max-image-preview:large","max-video-preview":"max-video-preview:-1"},"canonical":"https:\/\/www.iral-gmbh.de\/magazin\/2023\/08\/10\/steigende-preise-bei-der-autoversicherung-erwartet-was-sie-im-herbst-tun-koennen-um-kosten-zu-sparen\/","og_locale":"de_DE","og_type":"article","og_title":"2013 \/ 2014 - Steigende Preise bei der Autoversicherung erwartet","og_description":"Kfz-Versicherung: Sowohl Verbrauchersch\u00fctzer als auch die zust\u00e4ndigen Assekuranzen prognostizieren eine deutliche Preiserh\u00f6hung noch in diesem Jahr.","og_url":"https:\/\/www.iral-gmbh.de\/magazin\/2023\/08\/10\/steigende-preise-bei-der-autoversicherung-erwartet-was-sie-im-herbst-tun-koennen-um-kosten-zu-sparen\/","og_site_name":"Magazin","article_published_time":"2023-08-10T12:15:11+00:00","article_modified_time":"2023-08-10T12:15:13+00:00","twitter_card":"summary_large_image","twitter_misc":{"Verfasst von":"Andrej Bensack","Gesch\u00e4tzte Lesezeit":"3\u00a0Minuten"},"schema":{"@context":"https:\/\/schema.org","@graph":[{"@type":"WebSite","@id":"https:\/\/www.iral-gmbh.de\/magazin\/#website","url":"https:\/\/www.iral-gmbh.de\/magazin\/","name":"Magazin","description":"Kostenlose Autoverwertung | Auto Entsorgen | IRAL GmbH","potentialAction":[{"@type":"SearchAction","target":{"@type":"EntryPoint","urlTemplate":"https:\/\/www.iral-gmbh.de\/magazin\/?s={search_term_string}"},"query-input":"required name=search_term_string"}],"inLanguage":"de"},{"@type":"WebPage","@id":"https:\/\/www.iral-gmbh.de\/magazin\/2023\/08\/10\/steigende-preise-bei-der-autoversicherung-erwartet-was-sie-im-herbst-tun-koennen-um-kosten-zu-sparen\/#webpage","url":"https:\/\/www.iral-gmbh.de\/magazin\/2023\/08\/10\/steigende-preise-bei-der-autoversicherung-erwartet-was-sie-im-herbst-tun-koennen-um-kosten-zu-sparen\/","name":"2013 \/ 2014 - Steigende Preise bei der Autoversicherung erwartet","isPartOf":{"@id":"https:\/\/www.iral-gmbh.de\/magazin\/#website"},"datePublished":"2023-08-10T12:15:11+00:00","dateModified":"2023-08-10T12:15:13+00:00","author":{"@id":"https:\/\/www.iral-gmbh.de\/magazin\/#\/schema\/person\/34d3bfe0fddb1b67696b48f128a57f3d"},"description":"Kfz-Versicherung: Sowohl Verbrauchersch\u00fctzer als auch die zust\u00e4ndigen Assekuranzen prognostizieren eine deutliche Preiserh\u00f6hung noch in diesem Jahr.","breadcrumb":{"@id":"https:\/\/www.iral-gmbh.de\/magazin\/2023\/08\/10\/steigende-preise-bei-der-autoversicherung-erwartet-was-sie-im-herbst-tun-koennen-um-kosten-zu-sparen\/#breadcrumb"},"inLanguage":"de","potentialAction":[{"@type":"ReadAction","target":["https:\/\/www.iral-gmbh.de\/magazin\/2023\/08\/10\/steigende-preise-bei-der-autoversicherung-erwartet-was-sie-im-herbst-tun-koennen-um-kosten-zu-sparen\/"]}]},{"@type":"BreadcrumbList","@id":"https:\/\/www.iral-gmbh.de\/magazin\/2023\/08\/10\/steigende-preise-bei-der-autoversicherung-erwartet-was-sie-im-herbst-tun-koennen-um-kosten-zu-sparen\/#breadcrumb","itemListElement":[{"@type":"ListItem","position":1,"name":"Startseite","item":"https:\/\/www.iral-gmbh.de\/magazin\/"},{"@type":"ListItem","position":2,"name":"Steigende Preise bei der Autoversicherung erwartet \u2013 was Sie im Herbst tun k\u00f6nnen, um Kosten zu sparen"}]},{"@type":"Person","@id":"https:\/\/www.iral-gmbh.de\/magazin\/#\/schema\/person\/34d3bfe0fddb1b67696b48f128a57f3d","name":"Andrej Bensack","image":{"@type":"ImageObject","@id":"https:\/\/www.iral-gmbh.de\/magazin\/#personlogo","inLanguage":"de","url":"https:\/\/secure.gravatar.com\/avatar\/f89fc234d866d7f5b7e26038f2295fff38a1a129e3e46048c2505dfc0dfc6fa3?s=96&d=mm&r=g","contentUrl":"https:\/\/secure.gravatar.com\/avatar\/f89fc234d866d7f5b7e26038f2295fff38a1a129e3e46048c2505dfc0dfc6fa3?s=96&d=mm&r=g","caption":"Andrej Bensack"},"url":"https:\/\/www.iral-gmbh.de\/magazin\/author\/andrej\/"}]}},"_links":{"self":[{"href":"https:\/\/www.iral-gmbh.de\/magazin\/wp-json\/wp\/v2\/posts\/149","targetHints":{"allow":["GET"]}}],"collection":[{"href":"https:\/\/www.iral-gmbh.de\/magazin\/wp-json\/wp\/v2\/posts"}],"about":[{"href":"https:\/\/www.iral-gmbh.de\/magazin\/wp-json\/wp\/v2\/types\/post"}],"author":[{"embeddable":true,"href":"https:\/\/www.iral-gmbh.de\/magazin\/wp-json\/wp\/v2\/users\/2"}],"replies":[{"embeddable":true,"href":"https:\/\/www.iral-gmbh.de\/magazin\/wp-json\/wp\/v2\/comments?post=149"}],"version-history":[{"count":1,"href":"https:\/\/www.iral-gmbh.de\/magazin\/wp-json\/wp\/v2\/posts\/149\/revisions"}],"predecessor-version":[{"id":150,"href":"https:\/\/www.iral-gmbh.de\/magazin\/wp-json\/wp\/v2\/posts\/149\/revisions\/150"}],"wp:attachment":[{"href":"https:\/\/www.iral-gmbh.de\/magazin\/wp-json\/wp\/v2\/media?parent=149"}],"wp:term":[{"taxonomy":"category","embeddable":true,"href":"https:\/\/www.iral-gmbh.de\/magazin\/wp-json\/wp\/v2\/categories?post=149"},{"taxonomy":"post_tag","embeddable":true,"href":"https:\/\/www.iral-gmbh.de\/magazin\/wp-json\/wp\/v2\/tags?post=149"}],"curies":[{"name":"wp","href":"https:\/\/api.w.org\/{rel}","templated":true}]}}