{"id":137,"date":"2023-07-26T11:52:23","date_gmt":"2023-07-26T09:52:23","guid":{"rendered":"https:\/\/www.iral-gmbh.de\/magazin\/?p=137"},"modified":"2023-07-26T11:53:37","modified_gmt":"2023-07-26T09:53:37","slug":"welche-gesundheitlichen-gruende-fuehren-zur-kfz-steuerbefreiung","status":"publish","type":"post","link":"https:\/\/www.iral-gmbh.de\/magazin\/2023\/07\/26\/welche-gesundheitlichen-gruende-fuehren-zur-kfz-steuerbefreiung\/","title":{"rendered":"Welche gesundheitlichen Gr\u00fcnde f\u00fchren zur Kfz-Steuerbefreiung?"},"content":{"rendered":"\n<p>Sparen ist in vielen Haushalten zu einem notwendigen \u00dcbel geworden. Niemand kann heute absch\u00e4tzen, wie sich die wirtschaftliche Lage in den kommenden Jahren ver\u00e4ndert, wie der Einbau einer W\u00e4rmepumpe zu Buche schl\u00e4gt oder ob man nicht irgendwann von Arbeitslosigkeit betroffen sein wird. Und so wird schon jetzt von gr\u00f6\u00dferen Anschaffungen abgesehen, wird bei Lebensmitteln vermehrt auf die Angebote geachtet und Versicherungspolicen auf deren Notwendigkeit \u00fcberpr\u00fcft. Dass auch die Kfz-Steuer Einsparpotenzial bietet, wissen allerdings nur die wenigsten.<\/p>\n\n\n\n<h2 class=\"wp-block-heading\"><strong>Sparen bei der Kfz-Steuer \u2013 geht das \u00fcberhaupt?<\/strong><\/h2>\n\n\n\n<blockquote class=\"wp-block-quote is-layout-flow wp-block-quote-is-layout-flow\">\n<p><strong>Um es kurz zu sagen: JA! Und zwar immer dann, wenn es um Mobilit\u00e4tsbeeintr\u00e4chtigungen geht.<\/strong><\/p>\n<\/blockquote>\n\n\n\n<p>Der Gesetzgeber hat ein Regelwerk ins Leben gerufen, wonach Menschen mit gesundheitlichen Einschr\u00e4nkungen diverse steuerliche Verg\u00fcnstigungen erhalten oder sich gar komplett von der Kfz-Steuer befreien lassen k\u00f6nnen. Dies ist z.B. dann der Fall, wenn k\u00f6rperliche Behinderungen bestehen.<\/p>\n\n\n\n<p>Um von einer Kfz-Steuerbefreiung profitieren zu k\u00f6nnen, muss zun\u00e4chst eine Einstufung erfolgen. Eine komplette Steuerbefreiung gibt es, wenn die Person als au\u00dfergew\u00f6hnlich gebehindert gilt, blind ist oder aus gesundheitlichen Gr\u00fcnden anderweitig hilflos.<\/p>\n\n\n\n<p>Bis zu 50 % Verg\u00fcnstigung bei der Kfz-Steuer erhalten Menschen, die einen orangen Parkausweis besitzen und somit als schwerbehindert eingestuft wurden. Sofern das Fahrzeug aufgrund der Behinderung nicht selbst gefahren werden kann, gelten die Regelungen auch f\u00fcr die jeweils helfenden Fahrzeugf\u00fchrer.<\/p>\n\n\n\n<h2 class=\"wp-block-heading\"><strong>Weitere Tipps, um von einer Kfz-Steuerbefreiung profitieren zu k\u00f6nnen<\/strong><\/h2>\n\n\n\n<p>Es gibt allerdings auch noch andere Gr\u00fcnde, die sich positiv auf die zu zahlende Kfz-Steuer auswirken k\u00f6nnen. So gilt eine komplette Befreiung beispielsweise beim F\u00fchren eines motorisierten Krankenstuhls. Und auch Elektrofahrzeuge, deren Erstzulassung im Zeitraum zwischen Mai 2011 und Dezember 2020 erfolgte, erhalten eine zehnj\u00e4hrige Kfz-Steuerbefreiung.<\/p>\n\n\n\n<p>Dar\u00fcber hinaus gibt es Steuervorteile bzw. teils sogar einen kompletten Steuererlass, wenn das Fahrzeug zur Unterst\u00fctzung von Bed\u00fcrftigen eingesetzt wird oder einem gemeinn\u00fctzigen Zweck wie Feuerwehr, Polizei, Katastrophenschutz oder Zoll dient.<\/p>\n","protected":false},"excerpt":{"rendered":"<p>Sparen ist in vielen Haushalten zu einem notwendigen \u00dcbel geworden. Niemand kann heute absch\u00e4tzen, wie sich die wirtschaftliche Lage in den kommenden Jahren ver\u00e4ndert, wie der Einbau einer W\u00e4rmepumpe zu Buche schl\u00e4gt oder ob man nicht irgendwann von Arbeitslosigkeit betroffen sein wird. Und so wird schon jetzt von gr\u00f6\u00dferen Anschaffungen [&hellip;]<\/p>\n","protected":false},"author":2,"featured_media":0,"comment_status":"open","ping_status":"open","sticky":false,"template":"","format":"standard","meta":{"footnotes":""},"categories":[1],"tags":[],"class_list":["post-137","post","type-post","status-publish","format-standard","hentry","category-allgemein"],"yoast_head":"<!-- This site is optimized with the Yoast SEO plugin v18.5.1 - https:\/\/yoast.com\/wordpress\/plugins\/seo\/ -->\n<title>Welche gesundheitlichen Gr\u00fcnde f\u00fchren zur Kfz-Steuerbefreiung?<\/title>\n<meta name=\"robots\" content=\"index, follow, max-snippet:-1, max-image-preview:large, max-video-preview:-1\" \/>\n<link rel=\"canonical\" href=\"https:\/\/www.iral-gmbh.de\/magazin\/2023\/07\/26\/welche-gesundheitlichen-gruende-fuehren-zur-kfz-steuerbefreiung\/\" \/>\n<meta property=\"og:locale\" content=\"de_DE\" \/>\n<meta property=\"og:type\" content=\"article\" \/>\n<meta property=\"og:title\" content=\"Welche gesundheitlichen Gr\u00fcnde f\u00fchren zur Kfz-Steuerbefreiung?\" \/>\n<meta property=\"og:description\" content=\"Sparen ist in vielen Haushalten zu einem notwendigen \u00dcbel geworden. Niemand kann heute absch\u00e4tzen, wie sich die wirtschaftliche Lage in den kommenden Jahren ver\u00e4ndert, wie der Einbau einer W\u00e4rmepumpe zu Buche schl\u00e4gt oder ob man nicht irgendwann von Arbeitslosigkeit betroffen sein wird. Und so wird schon jetzt von gr\u00f6\u00dferen Anschaffungen [&hellip;]\" \/>\n<meta property=\"og:url\" content=\"https:\/\/www.iral-gmbh.de\/magazin\/2023\/07\/26\/welche-gesundheitlichen-gruende-fuehren-zur-kfz-steuerbefreiung\/\" \/>\n<meta property=\"og:site_name\" content=\"Magazin\" \/>\n<meta property=\"article:published_time\" content=\"2023-07-26T09:52:23+00:00\" \/>\n<meta property=\"article:modified_time\" content=\"2023-07-26T09:53:37+00:00\" \/>\n<meta name=\"twitter:card\" content=\"summary_large_image\" \/>\n<meta name=\"twitter:label1\" content=\"Verfasst von\" \/>\n\t<meta name=\"twitter:data1\" content=\"Andrej Bensack\" \/>\n\t<meta name=\"twitter:label2\" content=\"Gesch\u00e4tzte Lesezeit\" \/>\n\t<meta name=\"twitter:data2\" content=\"2\u00a0Minuten\" \/>\n<script type=\"application\/ld+json\" class=\"yoast-schema-graph\">{\"@context\":\"https:\/\/schema.org\",\"@graph\":[{\"@type\":\"WebSite\",\"@id\":\"https:\/\/www.iral-gmbh.de\/magazin\/#website\",\"url\":\"https:\/\/www.iral-gmbh.de\/magazin\/\",\"name\":\"Magazin\",\"description\":\"Kostenlose Autoverwertung | Auto Entsorgen | IRAL GmbH\",\"potentialAction\":[{\"@type\":\"SearchAction\",\"target\":{\"@type\":\"EntryPoint\",\"urlTemplate\":\"https:\/\/www.iral-gmbh.de\/magazin\/?s={search_term_string}\"},\"query-input\":\"required name=search_term_string\"}],\"inLanguage\":\"de\"},{\"@type\":\"WebPage\",\"@id\":\"https:\/\/www.iral-gmbh.de\/magazin\/2023\/07\/26\/welche-gesundheitlichen-gruende-fuehren-zur-kfz-steuerbefreiung\/#webpage\",\"url\":\"https:\/\/www.iral-gmbh.de\/magazin\/2023\/07\/26\/welche-gesundheitlichen-gruende-fuehren-zur-kfz-steuerbefreiung\/\",\"name\":\"Welche gesundheitlichen Gr\u00fcnde f\u00fchren zur Kfz-Steuerbefreiung?\",\"isPartOf\":{\"@id\":\"https:\/\/www.iral-gmbh.de\/magazin\/#website\"},\"datePublished\":\"2023-07-26T09:52:23+00:00\",\"dateModified\":\"2023-07-26T09:53:37+00:00\",\"author\":{\"@id\":\"https:\/\/www.iral-gmbh.de\/magazin\/#\/schema\/person\/34d3bfe0fddb1b67696b48f128a57f3d\"},\"breadcrumb\":{\"@id\":\"https:\/\/www.iral-gmbh.de\/magazin\/2023\/07\/26\/welche-gesundheitlichen-gruende-fuehren-zur-kfz-steuerbefreiung\/#breadcrumb\"},\"inLanguage\":\"de\",\"potentialAction\":[{\"@type\":\"ReadAction\",\"target\":[\"https:\/\/www.iral-gmbh.de\/magazin\/2023\/07\/26\/welche-gesundheitlichen-gruende-fuehren-zur-kfz-steuerbefreiung\/\"]}]},{\"@type\":\"BreadcrumbList\",\"@id\":\"https:\/\/www.iral-gmbh.de\/magazin\/2023\/07\/26\/welche-gesundheitlichen-gruende-fuehren-zur-kfz-steuerbefreiung\/#breadcrumb\",\"itemListElement\":[{\"@type\":\"ListItem\",\"position\":1,\"name\":\"Startseite\",\"item\":\"https:\/\/www.iral-gmbh.de\/magazin\/\"},{\"@type\":\"ListItem\",\"position\":2,\"name\":\"Welche gesundheitlichen Gr\u00fcnde f\u00fchren zur Kfz-Steuerbefreiung?\"}]},{\"@type\":\"Person\",\"@id\":\"https:\/\/www.iral-gmbh.de\/magazin\/#\/schema\/person\/34d3bfe0fddb1b67696b48f128a57f3d\",\"name\":\"Andrej Bensack\",\"image\":{\"@type\":\"ImageObject\",\"@id\":\"https:\/\/www.iral-gmbh.de\/magazin\/#personlogo\",\"inLanguage\":\"de\",\"url\":\"https:\/\/secure.gravatar.com\/avatar\/f89fc234d866d7f5b7e26038f2295fff38a1a129e3e46048c2505dfc0dfc6fa3?s=96&d=mm&r=g\",\"contentUrl\":\"https:\/\/secure.gravatar.com\/avatar\/f89fc234d866d7f5b7e26038f2295fff38a1a129e3e46048c2505dfc0dfc6fa3?s=96&d=mm&r=g\",\"caption\":\"Andrej Bensack\"},\"url\":\"https:\/\/www.iral-gmbh.de\/magazin\/author\/andrej\/\"}]}<\/script>\n<!-- \/ Yoast SEO plugin. -->","yoast_head_json":{"title":"Welche gesundheitlichen Gr\u00fcnde f\u00fchren zur Kfz-Steuerbefreiung?","robots":{"index":"index","follow":"follow","max-snippet":"max-snippet:-1","max-image-preview":"max-image-preview:large","max-video-preview":"max-video-preview:-1"},"canonical":"https:\/\/www.iral-gmbh.de\/magazin\/2023\/07\/26\/welche-gesundheitlichen-gruende-fuehren-zur-kfz-steuerbefreiung\/","og_locale":"de_DE","og_type":"article","og_title":"Welche gesundheitlichen Gr\u00fcnde f\u00fchren zur Kfz-Steuerbefreiung?","og_description":"Sparen ist in vielen Haushalten zu einem notwendigen \u00dcbel geworden. Niemand kann heute absch\u00e4tzen, wie sich die wirtschaftliche Lage in den kommenden Jahren ver\u00e4ndert, wie der Einbau einer W\u00e4rmepumpe zu Buche schl\u00e4gt oder ob man nicht irgendwann von Arbeitslosigkeit betroffen sein wird. Und so wird schon jetzt von gr\u00f6\u00dferen Anschaffungen [&hellip;]","og_url":"https:\/\/www.iral-gmbh.de\/magazin\/2023\/07\/26\/welche-gesundheitlichen-gruende-fuehren-zur-kfz-steuerbefreiung\/","og_site_name":"Magazin","article_published_time":"2023-07-26T09:52:23+00:00","article_modified_time":"2023-07-26T09:53:37+00:00","twitter_card":"summary_large_image","twitter_misc":{"Verfasst von":"Andrej Bensack","Gesch\u00e4tzte Lesezeit":"2\u00a0Minuten"},"schema":{"@context":"https:\/\/schema.org","@graph":[{"@type":"WebSite","@id":"https:\/\/www.iral-gmbh.de\/magazin\/#website","url":"https:\/\/www.iral-gmbh.de\/magazin\/","name":"Magazin","description":"Kostenlose Autoverwertung | Auto Entsorgen | IRAL GmbH","potentialAction":[{"@type":"SearchAction","target":{"@type":"EntryPoint","urlTemplate":"https:\/\/www.iral-gmbh.de\/magazin\/?s={search_term_string}"},"query-input":"required name=search_term_string"}],"inLanguage":"de"},{"@type":"WebPage","@id":"https:\/\/www.iral-gmbh.de\/magazin\/2023\/07\/26\/welche-gesundheitlichen-gruende-fuehren-zur-kfz-steuerbefreiung\/#webpage","url":"https:\/\/www.iral-gmbh.de\/magazin\/2023\/07\/26\/welche-gesundheitlichen-gruende-fuehren-zur-kfz-steuerbefreiung\/","name":"Welche gesundheitlichen Gr\u00fcnde f\u00fchren zur Kfz-Steuerbefreiung?","isPartOf":{"@id":"https:\/\/www.iral-gmbh.de\/magazin\/#website"},"datePublished":"2023-07-26T09:52:23+00:00","dateModified":"2023-07-26T09:53:37+00:00","author":{"@id":"https:\/\/www.iral-gmbh.de\/magazin\/#\/schema\/person\/34d3bfe0fddb1b67696b48f128a57f3d"},"breadcrumb":{"@id":"https:\/\/www.iral-gmbh.de\/magazin\/2023\/07\/26\/welche-gesundheitlichen-gruende-fuehren-zur-kfz-steuerbefreiung\/#breadcrumb"},"inLanguage":"de","potentialAction":[{"@type":"ReadAction","target":["https:\/\/www.iral-gmbh.de\/magazin\/2023\/07\/26\/welche-gesundheitlichen-gruende-fuehren-zur-kfz-steuerbefreiung\/"]}]},{"@type":"BreadcrumbList","@id":"https:\/\/www.iral-gmbh.de\/magazin\/2023\/07\/26\/welche-gesundheitlichen-gruende-fuehren-zur-kfz-steuerbefreiung\/#breadcrumb","itemListElement":[{"@type":"ListItem","position":1,"name":"Startseite","item":"https:\/\/www.iral-gmbh.de\/magazin\/"},{"@type":"ListItem","position":2,"name":"Welche gesundheitlichen Gr\u00fcnde f\u00fchren zur Kfz-Steuerbefreiung?"}]},{"@type":"Person","@id":"https:\/\/www.iral-gmbh.de\/magazin\/#\/schema\/person\/34d3bfe0fddb1b67696b48f128a57f3d","name":"Andrej Bensack","image":{"@type":"ImageObject","@id":"https:\/\/www.iral-gmbh.de\/magazin\/#personlogo","inLanguage":"de","url":"https:\/\/secure.gravatar.com\/avatar\/f89fc234d866d7f5b7e26038f2295fff38a1a129e3e46048c2505dfc0dfc6fa3?s=96&d=mm&r=g","contentUrl":"https:\/\/secure.gravatar.com\/avatar\/f89fc234d866d7f5b7e26038f2295fff38a1a129e3e46048c2505dfc0dfc6fa3?s=96&d=mm&r=g","caption":"Andrej Bensack"},"url":"https:\/\/www.iral-gmbh.de\/magazin\/author\/andrej\/"}]}},"_links":{"self":[{"href":"https:\/\/www.iral-gmbh.de\/magazin\/wp-json\/wp\/v2\/posts\/137","targetHints":{"allow":["GET"]}}],"collection":[{"href":"https:\/\/www.iral-gmbh.de\/magazin\/wp-json\/wp\/v2\/posts"}],"about":[{"href":"https:\/\/www.iral-gmbh.de\/magazin\/wp-json\/wp\/v2\/types\/post"}],"author":[{"embeddable":true,"href":"https:\/\/www.iral-gmbh.de\/magazin\/wp-json\/wp\/v2\/users\/2"}],"replies":[{"embeddable":true,"href":"https:\/\/www.iral-gmbh.de\/magazin\/wp-json\/wp\/v2\/comments?post=137"}],"version-history":[{"count":3,"href":"https:\/\/www.iral-gmbh.de\/magazin\/wp-json\/wp\/v2\/posts\/137\/revisions"}],"predecessor-version":[{"id":140,"href":"https:\/\/www.iral-gmbh.de\/magazin\/wp-json\/wp\/v2\/posts\/137\/revisions\/140"}],"wp:attachment":[{"href":"https:\/\/www.iral-gmbh.de\/magazin\/wp-json\/wp\/v2\/media?parent=137"}],"wp:term":[{"taxonomy":"category","embeddable":true,"href":"https:\/\/www.iral-gmbh.de\/magazin\/wp-json\/wp\/v2\/categories?post=137"},{"taxonomy":"post_tag","embeddable":true,"href":"https:\/\/www.iral-gmbh.de\/magazin\/wp-json\/wp\/v2\/tags?post=137"}],"curies":[{"name":"wp","href":"https:\/\/api.w.org\/{rel}","templated":true}]}}